{"id":11831,"date":"2023-08-22T10:54:22","date_gmt":"2023-08-22T10:54:22","guid":{"rendered":"https:\/\/dvelas.com\/dvelas-attends-interihotel-event\/"},"modified":"2023-10-03T12:41:26","modified_gmt":"2023-10-03T12:41:26","slug":"dvelas-en-interihotel-este-octubre","status":"publish","type":"post","link":"https:\/\/dvelas.com\/es\/dvelas-en-interihotel-este-octubre\/","title":{"rendered":"DVELAS en interihotel"},"content":{"rendered":"<p>DVELAS asiste como expositor al evento evento de dise\u00f1o para hoteles y restaurantes <a href=\"https:\/\/interihotel.com\/\" target=\"_blank\" rel=\"noopener\">interihotel<\/a> del 18-20 de Octubre en Barcelona. Una experiencia \u00fanica para las personas y marcas que definen el interiorismo de los hoteles, reuniendo durante tres d\u00edas a los profesionales del dise\u00f1o hospitality con visitantes de m\u00e1s de 40 pa\u00edses.<\/p>\n<p>Nos encantar\u00e1 mostrarte nuestros sistemas de <a href=\"https:\/\/dvelas.com\/es\/velas-sombra-velas-recuperadas\/\" target=\"_blank\" rel=\"noopener\">sombreamiento,<\/a> <a href=\"https:\/\/dvelas.com\/es\/lamparas-de-vela-recuperada\/\" target=\"_blank\" rel=\"noopener\">iluminaci\u00f3n<\/a> y <a href=\"https:\/\/dvelas.com\/es\/mobiliario-de-exterior\/\" target=\"_blank\" rel=\"noopener\">mobiliario<\/a> dise\u00f1ado con velas de barco recuperadas. \u00a1Te esperamos!<\/p>\n<p>Stand H03<br \/>\n18-20 oct \u00b7 CCIB<br \/>\nBarcelona<\/p>\n","protected":false},"excerpt":{"rendered":"<p>DVELAS asiste como expositor al evento evento de dise\u00f1o para hoteles y restaurantes interihotel del 18-20 de Octubre en Barcelona. Una experiencia \u00fanica para las personas y marcas que definen el interiorismo de los hoteles, reuniendo durante tres d\u00edas a los profesionales del dise\u00f1o hospitality con visitantes de m\u00e1s de 40 pa\u00edses. Nos encantar\u00e1 mostrarte [&hellip;]<\/p>\n","protected":false},"author":7,"featured_media":11826,"comment_status":"open","ping_status":"open","sticky":false,"template":"","format":"standard","meta":{"content-type":"","_uag_custom_page_level_css":"","footnotes":""},"categories":[139,123],"tags":[269,270,262,271,272],"class_list":["post-11831","post","type-post","status-publish","format-standard","has-post-thumbnail","hentry","category-event-es","category-sin-categorizar","tag-barcelona-es","tag-desig-es","tag-event-es","tag-interihotel-es","tag-october-es"],"yoast_head":"<!-- This site is optimized with the Yoast SEO plugin v27.5 - https:\/\/yoast.com\/product\/yoast-seo-wordpress\/ -->\n<title>DVELAS en interihotel - DVELAS<\/title>\n<meta name=\"description\" content=\"DVELAS asiste como expositor al evento evento de dise\u00f1o para hoteles y restaurantes interihotel del 18-20 de Octubre en Barcelona. Una experiencia \u00fanica para las personas y marcas que definen el interiorismo de los hoteles, reuniendo durante tres d\u00edas a los profesionales del dise\u00f1o hospitality con visitantes de m\u00e1s de 40 pa\u00edses. Stand H0318-20 oct \u00b7 CCIB Barcelona\" \/>\n<meta name=\"robots\" content=\"index, follow, max-snippet:-1, max-image-preview:large, max-video-preview:-1\" \/>\n<link rel=\"canonical\" href=\"https:\/\/dvelas.com\/es\/dvelas-en-interihotel-este-octubre\/\" \/>\n<meta property=\"og:locale\" content=\"es_ES\" \/>\n<meta property=\"og:type\" content=\"article\" \/>\n<meta property=\"og:title\" content=\"DVELAS en interihotel - DVELAS\" \/>\n<meta property=\"og:description\" content=\"DVELAS asiste como expositor al evento evento de dise\u00f1o para hoteles y restaurantes interihotel del 18-20 de Octubre en Barcelona. Una experiencia \u00fanica para las personas y marcas que definen el interiorismo de los hoteles, reuniendo durante tres d\u00edas a los profesionales del dise\u00f1o hospitality con visitantes de m\u00e1s de 40 pa\u00edses. Stand H0318-20 oct \u00b7 CCIB Barcelona\" \/>\n<meta property=\"og:url\" content=\"https:\/\/dvelas.com\/es\/dvelas-en-interihotel-este-octubre\/\" \/>\n<meta property=\"og:site_name\" content=\"DVELAS\" \/>\n<meta property=\"article:publisher\" content=\"https:\/\/www.facebook.com\/dvelasdesign\/\" \/>\n<meta property=\"article:published_time\" content=\"2023-08-22T10:54:22+00:00\" \/>\n<meta property=\"article:modified_time\" content=\"2023-10-03T12:41:26+00:00\" \/>\n<meta property=\"og:image\" content=\"https:\/\/dvelas.com\/wp-content\/uploads\/2023\/08\/bcn-interihotel.png\" \/>\n\t<meta property=\"og:image:width\" content=\"994\" \/>\n\t<meta property=\"og:image:height\" content=\"993\" \/>\n\t<meta property=\"og:image:type\" content=\"image\/png\" \/>\n<meta name=\"author\" content=\"Dvelas\" \/>\n<meta name=\"twitter:card\" content=\"summary_large_image\" \/>\n<meta name=\"twitter:creator\" content=\"@dvelasdesign\" \/>\n<meta name=\"twitter:site\" content=\"@dvelasdesign\" \/>\n<meta name=\"twitter:label1\" content=\"Escrito por\" \/>\n\t<meta name=\"twitter:data1\" content=\"Dvelas\" \/>\n<script type=\"application\/ld+json\" class=\"yoast-schema-graph\">{\"@context\":\"https:\\\/\\\/schema.org\",\"@graph\":[{\"@type\":\"Article\",\"@id\":\"https:\\\/\\\/dvelas.com\\\/es\\\/dvelas-en-interihotel-este-octubre\\\/#article\",\"isPartOf\":{\"@id\":\"https:\\\/\\\/dvelas.com\\\/es\\\/dvelas-en-interihotel-este-octubre\\\/\"},\"author\":{\"name\":\"Dvelas\",\"@id\":\"https:\\\/\\\/dvelas.com\\\/#\\\/schema\\\/person\\\/0d7a132e915c85a8a254a32b9a07309d\"},\"headline\":\"DVELAS en interihotel\",\"datePublished\":\"2023-08-22T10:54:22+00:00\",\"dateModified\":\"2023-10-03T12:41:26+00:00\",\"mainEntityOfPage\":{\"@id\":\"https:\\\/\\\/dvelas.com\\\/es\\\/dvelas-en-interihotel-este-octubre\\\/\"},\"wordCount\":85,\"commentCount\":0,\"publisher\":{\"@id\":\"https:\\\/\\\/dvelas.com\\\/#organization\"},\"image\":{\"@id\":\"https:\\\/\\\/dvelas.com\\\/es\\\/dvelas-en-interihotel-este-octubre\\\/#primaryimage\"},\"thumbnailUrl\":\"https:\\\/\\\/dvelas.com\\\/wp-content\\\/uploads\\\/2023\\\/08\\\/bcn-interihotel.png\",\"keywords\":[\"barcelona\",\"desig\",\"event\",\"interihotel\",\"october\"],\"articleSection\":[\"Event\",\"Sin categorizar\"],\"inLanguage\":\"es\",\"potentialAction\":[{\"@type\":\"CommentAction\",\"name\":\"Comment\",\"target\":[\"https:\\\/\\\/dvelas.com\\\/es\\\/dvelas-en-interihotel-este-octubre\\\/#respond\"]}]},{\"@type\":\"WebPage\",\"@id\":\"https:\\\/\\\/dvelas.com\\\/es\\\/dvelas-en-interihotel-este-octubre\\\/\",\"url\":\"https:\\\/\\\/dvelas.com\\\/es\\\/dvelas-en-interihotel-este-octubre\\\/\",\"name\":\"DVELAS en interihotel - DVELAS\",\"isPartOf\":{\"@id\":\"https:\\\/\\\/dvelas.com\\\/#website\"},\"primaryImageOfPage\":{\"@id\":\"https:\\\/\\\/dvelas.com\\\/es\\\/dvelas-en-interihotel-este-octubre\\\/#primaryimage\"},\"image\":{\"@id\":\"https:\\\/\\\/dvelas.com\\\/es\\\/dvelas-en-interihotel-este-octubre\\\/#primaryimage\"},\"thumbnailUrl\":\"https:\\\/\\\/dvelas.com\\\/wp-content\\\/uploads\\\/2023\\\/08\\\/bcn-interihotel.png\",\"datePublished\":\"2023-08-22T10:54:22+00:00\",\"dateModified\":\"2023-10-03T12:41:26+00:00\",\"description\":\"DVELAS asiste como expositor al evento evento de dise\u00f1o para hoteles y restaurantes interihotel del 18-20 de Octubre en Barcelona. Una experiencia \u00fanica para las personas y marcas que definen el interiorismo de los hoteles, reuniendo durante tres d\u00edas a los profesionales del dise\u00f1o hospitality con visitantes de m\u00e1s de 40 pa\u00edses. Stand H0318-20 oct \u00b7 CCIB Barcelona\",\"breadcrumb\":{\"@id\":\"https:\\\/\\\/dvelas.com\\\/es\\\/dvelas-en-interihotel-este-octubre\\\/#breadcrumb\"},\"inLanguage\":\"es\",\"potentialAction\":[{\"@type\":\"ReadAction\",\"target\":[\"https:\\\/\\\/dvelas.com\\\/es\\\/dvelas-en-interihotel-este-octubre\\\/\"]}]},{\"@type\":\"ImageObject\",\"inLanguage\":\"es\",\"@id\":\"https:\\\/\\\/dvelas.com\\\/es\\\/dvelas-en-interihotel-este-octubre\\\/#primaryimage\",\"url\":\"https:\\\/\\\/dvelas.com\\\/wp-content\\\/uploads\\\/2023\\\/08\\\/bcn-interihotel.png\",\"contentUrl\":\"https:\\\/\\\/dvelas.com\\\/wp-content\\\/uploads\\\/2023\\\/08\\\/bcn-interihotel.png\",\"width\":994,\"height\":993,\"caption\":\"DVELAS attends interihotel event\"},{\"@type\":\"BreadcrumbList\",\"@id\":\"https:\\\/\\\/dvelas.com\\\/es\\\/dvelas-en-interihotel-este-octubre\\\/#breadcrumb\",\"itemListElement\":[{\"@type\":\"ListItem\",\"position\":1,\"name\":\"Home\",\"item\":\"https:\\\/\\\/dvelas.com\\\/es\\\/\"},{\"@type\":\"ListItem\",\"position\":2,\"name\":\"DVELAS en interihotel\"}]},{\"@type\":\"WebSite\",\"@id\":\"https:\\\/\\\/dvelas.com\\\/#website\",\"url\":\"https:\\\/\\\/dvelas.com\\\/\",\"name\":\"DVELAS\",\"description\":\"Muebles de exterior y velas de sombra para uso dom\u00e9stico y comercial. Dise\u00f1os para un mundo sostenible. Compromiso de econom\u00eda circular.\",\"publisher\":{\"@id\":\"https:\\\/\\\/dvelas.com\\\/#organization\"},\"potentialAction\":[{\"@type\":\"SearchAction\",\"target\":{\"@type\":\"EntryPoint\",\"urlTemplate\":\"https:\\\/\\\/dvelas.com\\\/?s={search_term_string}\"},\"query-input\":{\"@type\":\"PropertyValueSpecification\",\"valueRequired\":true,\"valueName\":\"search_term_string\"}}],\"inLanguage\":\"es\"},{\"@type\":\"Organization\",\"@id\":\"https:\\\/\\\/dvelas.com\\\/#organization\",\"name\":\"Dvelas Sustainable Design\",\"url\":\"https:\\\/\\\/dvelas.com\\\/\",\"logo\":{\"@type\":\"ImageObject\",\"inLanguage\":\"es\",\"@id\":\"https:\\\/\\\/dvelas.com\\\/#\\\/schema\\\/logo\\\/image\\\/\",\"url\":\"https:\\\/\\\/dvelas.com\\\/wp-content\\\/uploads\\\/2020\\\/05\\\/design-outdoor-furniture-310.png\",\"contentUrl\":\"https:\\\/\\\/dvelas.com\\\/wp-content\\\/uploads\\\/2020\\\/05\\\/design-outdoor-furniture-310.png\",\"width\":310,\"height\":130,\"caption\":\"Dvelas Sustainable Design\"},\"image\":{\"@id\":\"https:\\\/\\\/dvelas.com\\\/#\\\/schema\\\/logo\\\/image\\\/\"},\"sameAs\":[\"https:\\\/\\\/www.facebook.com\\\/dvelasdesign\\\/\",\"https:\\\/\\\/x.com\\\/dvelasdesign\",\"https:\\\/\\\/www.instagram.com\\\/dvelas\\\/\",\"https:\\\/\\\/www.linkedin.com\\\/company\\\/dvelas\\\/\",\"https:\\\/\\\/www.pinterest.com\\\/dvelasdesign\\\/\",\"https:\\\/\\\/www.youtube.com\\\/c\\\/DvelasDesign\\\/featured\"]},{\"@type\":\"Person\",\"@id\":\"https:\\\/\\\/dvelas.com\\\/#\\\/schema\\\/person\\\/0d7a132e915c85a8a254a32b9a07309d\",\"name\":\"Dvelas\",\"image\":{\"@type\":\"ImageObject\",\"inLanguage\":\"es\",\"@id\":\"https:\\\/\\\/secure.gravatar.com\\\/avatar\\\/1c1dfe83e45816449747ca6bfc2b059c3df0977a8575d3ecb25c0e5e7ab7a823?s=96&d=mm&r=g\",\"url\":\"https:\\\/\\\/secure.gravatar.com\\\/avatar\\\/1c1dfe83e45816449747ca6bfc2b059c3df0977a8575d3ecb25c0e5e7ab7a823?s=96&d=mm&r=g\",\"contentUrl\":\"https:\\\/\\\/secure.gravatar.com\\\/avatar\\\/1c1dfe83e45816449747ca6bfc2b059c3df0977a8575d3ecb25c0e5e7ab7a823?s=96&d=mm&r=g\",\"caption\":\"Dvelas\"},\"url\":\"https:\\\/\\\/dvelas.com\\\/es\\\/author\\\/dvelas_usr\\\/\"}]}<\/script>\n<!-- \/ Yoast SEO plugin. -->","yoast_head_json":{"title":"DVELAS en interihotel - DVELAS","description":"DVELAS asiste como expositor al evento evento de dise\u00f1o para hoteles y restaurantes interihotel del 18-20 de Octubre en Barcelona. Una experiencia \u00fanica para las personas y marcas que definen el interiorismo de los hoteles, reuniendo durante tres d\u00edas a los profesionales del dise\u00f1o hospitality con visitantes de m\u00e1s de 40 pa\u00edses. Stand H0318-20 oct \u00b7 CCIB Barcelona","robots":{"index":"index","follow":"follow","max-snippet":"max-snippet:-1","max-image-preview":"max-image-preview:large","max-video-preview":"max-video-preview:-1"},"canonical":"https:\/\/dvelas.com\/es\/dvelas-en-interihotel-este-octubre\/","og_locale":"es_ES","og_type":"article","og_title":"DVELAS en interihotel - DVELAS","og_description":"DVELAS asiste como expositor al evento evento de dise\u00f1o para hoteles y restaurantes interihotel del 18-20 de Octubre en Barcelona. Una experiencia \u00fanica para las personas y marcas que definen el interiorismo de los hoteles, reuniendo durante tres d\u00edas a los profesionales del dise\u00f1o hospitality con visitantes de m\u00e1s de 40 pa\u00edses. Stand H0318-20 oct \u00b7 CCIB Barcelona","og_url":"https:\/\/dvelas.com\/es\/dvelas-en-interihotel-este-octubre\/","og_site_name":"DVELAS","article_publisher":"https:\/\/www.facebook.com\/dvelasdesign\/","article_published_time":"2023-08-22T10:54:22+00:00","article_modified_time":"2023-10-03T12:41:26+00:00","og_image":[{"width":994,"height":993,"url":"https:\/\/dvelas.com\/wp-content\/uploads\/2023\/08\/bcn-interihotel.png","type":"image\/png"}],"author":"Dvelas","twitter_card":"summary_large_image","twitter_creator":"@dvelasdesign","twitter_site":"@dvelasdesign","twitter_misc":{"Escrito por":"Dvelas"},"schema":{"@context":"https:\/\/schema.org","@graph":[{"@type":"Article","@id":"https:\/\/dvelas.com\/es\/dvelas-en-interihotel-este-octubre\/#article","isPartOf":{"@id":"https:\/\/dvelas.com\/es\/dvelas-en-interihotel-este-octubre\/"},"author":{"name":"Dvelas","@id":"https:\/\/dvelas.com\/#\/schema\/person\/0d7a132e915c85a8a254a32b9a07309d"},"headline":"DVELAS en interihotel","datePublished":"2023-08-22T10:54:22+00:00","dateModified":"2023-10-03T12:41:26+00:00","mainEntityOfPage":{"@id":"https:\/\/dvelas.com\/es\/dvelas-en-interihotel-este-octubre\/"},"wordCount":85,"commentCount":0,"publisher":{"@id":"https:\/\/dvelas.com\/#organization"},"image":{"@id":"https:\/\/dvelas.com\/es\/dvelas-en-interihotel-este-octubre\/#primaryimage"},"thumbnailUrl":"https:\/\/dvelas.com\/wp-content\/uploads\/2023\/08\/bcn-interihotel.png","keywords":["barcelona","desig","event","interihotel","october"],"articleSection":["Event","Sin categorizar"],"inLanguage":"es","potentialAction":[{"@type":"CommentAction","name":"Comment","target":["https:\/\/dvelas.com\/es\/dvelas-en-interihotel-este-octubre\/#respond"]}]},{"@type":"WebPage","@id":"https:\/\/dvelas.com\/es\/dvelas-en-interihotel-este-octubre\/","url":"https:\/\/dvelas.com\/es\/dvelas-en-interihotel-este-octubre\/","name":"DVELAS en interihotel - DVELAS","isPartOf":{"@id":"https:\/\/dvelas.com\/#website"},"primaryImageOfPage":{"@id":"https:\/\/dvelas.com\/es\/dvelas-en-interihotel-este-octubre\/#primaryimage"},"image":{"@id":"https:\/\/dvelas.com\/es\/dvelas-en-interihotel-este-octubre\/#primaryimage"},"thumbnailUrl":"https:\/\/dvelas.com\/wp-content\/uploads\/2023\/08\/bcn-interihotel.png","datePublished":"2023-08-22T10:54:22+00:00","dateModified":"2023-10-03T12:41:26+00:00","description":"DVELAS asiste como expositor al evento evento de dise\u00f1o para hoteles y restaurantes interihotel del 18-20 de Octubre en Barcelona. Una experiencia \u00fanica para las personas y marcas que definen el interiorismo de los hoteles, reuniendo durante tres d\u00edas a los profesionales del dise\u00f1o hospitality con visitantes de m\u00e1s de 40 pa\u00edses. Stand H0318-20 oct \u00b7 CCIB Barcelona","breadcrumb":{"@id":"https:\/\/dvelas.com\/es\/dvelas-en-interihotel-este-octubre\/#breadcrumb"},"inLanguage":"es","potentialAction":[{"@type":"ReadAction","target":["https:\/\/dvelas.com\/es\/dvelas-en-interihotel-este-octubre\/"]}]},{"@type":"ImageObject","inLanguage":"es","@id":"https:\/\/dvelas.com\/es\/dvelas-en-interihotel-este-octubre\/#primaryimage","url":"https:\/\/dvelas.com\/wp-content\/uploads\/2023\/08\/bcn-interihotel.png","contentUrl":"https:\/\/dvelas.com\/wp-content\/uploads\/2023\/08\/bcn-interihotel.png","width":994,"height":993,"caption":"DVELAS attends interihotel event"},{"@type":"BreadcrumbList","@id":"https:\/\/dvelas.com\/es\/dvelas-en-interihotel-este-octubre\/#breadcrumb","itemListElement":[{"@type":"ListItem","position":1,"name":"Home","item":"https:\/\/dvelas.com\/es\/"},{"@type":"ListItem","position":2,"name":"DVELAS en interihotel"}]},{"@type":"WebSite","@id":"https:\/\/dvelas.com\/#website","url":"https:\/\/dvelas.com\/","name":"DVELAS","description":"Muebles de exterior y velas de sombra para uso dom\u00e9stico y comercial. Dise\u00f1os para un mundo sostenible. Compromiso de econom\u00eda circular.","publisher":{"@id":"https:\/\/dvelas.com\/#organization"},"potentialAction":[{"@type":"SearchAction","target":{"@type":"EntryPoint","urlTemplate":"https:\/\/dvelas.com\/?s={search_term_string}"},"query-input":{"@type":"PropertyValueSpecification","valueRequired":true,"valueName":"search_term_string"}}],"inLanguage":"es"},{"@type":"Organization","@id":"https:\/\/dvelas.com\/#organization","name":"Dvelas Sustainable Design","url":"https:\/\/dvelas.com\/","logo":{"@type":"ImageObject","inLanguage":"es","@id":"https:\/\/dvelas.com\/#\/schema\/logo\/image\/","url":"https:\/\/dvelas.com\/wp-content\/uploads\/2020\/05\/design-outdoor-furniture-310.png","contentUrl":"https:\/\/dvelas.com\/wp-content\/uploads\/2020\/05\/design-outdoor-furniture-310.png","width":310,"height":130,"caption":"Dvelas Sustainable Design"},"image":{"@id":"https:\/\/dvelas.com\/#\/schema\/logo\/image\/"},"sameAs":["https:\/\/www.facebook.com\/dvelasdesign\/","https:\/\/x.com\/dvelasdesign","https:\/\/www.instagram.com\/dvelas\/","https:\/\/www.linkedin.com\/company\/dvelas\/","https:\/\/www.pinterest.com\/dvelasdesign\/","https:\/\/www.youtube.com\/c\/DvelasDesign\/featured"]},{"@type":"Person","@id":"https:\/\/dvelas.com\/#\/schema\/person\/0d7a132e915c85a8a254a32b9a07309d","name":"Dvelas","image":{"@type":"ImageObject","inLanguage":"es","@id":"https:\/\/secure.gravatar.com\/avatar\/1c1dfe83e45816449747ca6bfc2b059c3df0977a8575d3ecb25c0e5e7ab7a823?s=96&d=mm&r=g","url":"https:\/\/secure.gravatar.com\/avatar\/1c1dfe83e45816449747ca6bfc2b059c3df0977a8575d3ecb25c0e5e7ab7a823?s=96&d=mm&r=g","contentUrl":"https:\/\/secure.gravatar.com\/avatar\/1c1dfe83e45816449747ca6bfc2b059c3df0977a8575d3ecb25c0e5e7ab7a823?s=96&d=mm&r=g","caption":"Dvelas"},"url":"https:\/\/dvelas.com\/es\/author\/dvelas_usr\/"}]}},"uagb_featured_image_src":{"full":["https:\/\/dvelas.com\/wp-content\/uploads\/2023\/08\/bcn-interihotel.png",994,993,false],"thumbnail":["https:\/\/dvelas.com\/wp-content\/uploads\/2023\/08\/bcn-interihotel.png",150,150,false],"medium":["https:\/\/dvelas.com\/wp-content\/uploads\/2023\/08\/bcn-interihotel.png",300,300,false],"medium_large":["https:\/\/dvelas.com\/wp-content\/uploads\/2023\/08\/bcn-interihotel.png",768,767,false],"large":["https:\/\/dvelas.com\/wp-content\/uploads\/2023\/08\/bcn-interihotel.png",994,993,false],"1536x1536":["https:\/\/dvelas.com\/wp-content\/uploads\/2023\/08\/bcn-interihotel.png",994,993,false],"2048x2048":["https:\/\/dvelas.com\/wp-content\/uploads\/2023\/08\/bcn-interihotel.png",994,993,false],"blog-large":["https:\/\/dvelas.com\/wp-content\/uploads\/2023\/08\/bcn-interihotel.png",272,272,false],"blog-medium":["https:\/\/dvelas.com\/wp-content\/uploads\/2023\/08\/bcn-interihotel.png",202,202,false],"recent-posts":["https:\/\/dvelas.com\/wp-content\/uploads\/2023\/08\/bcn-interihotel.png",441,441,false],"recent-works-thumbnail":["https:\/\/dvelas.com\/wp-content\/uploads\/2023\/08\/bcn-interihotel.png",66,66,false],"fusion-200":["https:\/\/dvelas.com\/wp-content\/uploads\/2023\/08\/bcn-interihotel.png",200,200,false],"fusion-400":["https:\/\/dvelas.com\/wp-content\/uploads\/2023\/08\/bcn-interihotel.png",400,400,false],"fusion-600":["https:\/\/dvelas.com\/wp-content\/uploads\/2023\/08\/bcn-interihotel.png",600,599,false],"fusion-800":["https:\/\/dvelas.com\/wp-content\/uploads\/2023\/08\/bcn-interihotel.png",800,799,false],"fusion-1200":["https:\/\/dvelas.com\/wp-content\/uploads\/2023\/08\/bcn-interihotel.png",994,993,false],"portfolio-full":["https:\/\/dvelas.com\/wp-content\/uploads\/2023\/08\/bcn-interihotel.png",400,400,false],"portfolio-one":["https:\/\/dvelas.com\/wp-content\/uploads\/2023\/08\/bcn-interihotel.png",272,272,false],"portfolio-two":["https:\/\/dvelas.com\/wp-content\/uploads\/2023\/08\/bcn-interihotel.png",295,295,false],"portfolio-three":["https:\/\/dvelas.com\/wp-content\/uploads\/2023\/08\/bcn-interihotel.png",214,214,false],"portfolio-five":["https:\/\/dvelas.com\/wp-content\/uploads\/2023\/08\/bcn-interihotel.png",142,142,false]},"uagb_author_info":{"display_name":"Dvelas","author_link":"https:\/\/dvelas.com\/es\/author\/dvelas_usr\/"},"uagb_comment_info":0,"uagb_excerpt":"DVELAS asiste como expositor al evento evento de dise\u00f1o para hoteles y restaurantes interihotel del 18-20 de Octubre en Barcelona. Una experiencia \u00fanica para las personas y marcas que definen el interiorismo de los hoteles, reuniendo durante tres d\u00edas a los profesionales del dise\u00f1o hospitality con visitantes de m\u00e1s de 40 pa\u00edses. Nos encantar\u00e1 mostrarte&hellip;","_links":{"self":[{"href":"https:\/\/dvelas.com\/es\/wp-json\/wp\/v2\/posts\/11831","targetHints":{"allow":["GET"]}}],"collection":[{"href":"https:\/\/dvelas.com\/es\/wp-json\/wp\/v2\/posts"}],"about":[{"href":"https:\/\/dvelas.com\/es\/wp-json\/wp\/v2\/types\/post"}],"author":[{"embeddable":true,"href":"https:\/\/dvelas.com\/es\/wp-json\/wp\/v2\/users\/7"}],"replies":[{"embeddable":true,"href":"https:\/\/dvelas.com\/es\/wp-json\/wp\/v2\/comments?post=11831"}],"version-history":[{"count":4,"href":"https:\/\/dvelas.com\/es\/wp-json\/wp\/v2\/posts\/11831\/revisions"}],"predecessor-version":[{"id":11939,"href":"https:\/\/dvelas.com\/es\/wp-json\/wp\/v2\/posts\/11831\/revisions\/11939"}],"wp:featuredmedia":[{"embeddable":true,"href":"https:\/\/dvelas.com\/es\/wp-json\/wp\/v2\/media\/11826"}],"wp:attachment":[{"href":"https:\/\/dvelas.com\/es\/wp-json\/wp\/v2\/media?parent=11831"}],"wp:term":[{"taxonomy":"category","embeddable":true,"href":"https:\/\/dvelas.com\/es\/wp-json\/wp\/v2\/categories?post=11831"},{"taxonomy":"post_tag","embeddable":true,"href":"https:\/\/dvelas.com\/es\/wp-json\/wp\/v2\/tags?post=11831"}],"curies":[{"name":"wp","href":"https:\/\/api.w.org\/{rel}","templated":true}]}}