{"id":12324,"date":"2024-05-22T11:46:00","date_gmt":"2024-05-22T11:46:00","guid":{"rendered":"https:\/\/dvelas.com\/?p=12324"},"modified":"2024-05-27T11:46:15","modified_gmt":"2024-05-27T11:46:15","slug":"interihotel-madrid-2024","status":"publish","type":"post","link":"https:\/\/dvelas.com\/es\/interihotel-madrid-2024\/","title":{"rendered":"interihotel Madrid 2024"},"content":{"rendered":"<p><a href=\"https:\/\/www.instagram.com\/p\/CyncIi5sdSO\/\" target=\"_blank\" rel=\"noopener\">DVELAS<\/a> se suma nuevamente a <strong><a href=\"https:\/\/interihotel.com\/\" target=\"_blank\" rel=\"noopener\">interihotel<\/a><\/strong> , el evento boutique que desata energ\u00eda transformadora, difundiendo ideas y proyectos esenciales para forjar un futuro brillante en el sector del dise\u00f1o hotelero.<\/p>\n<p>Como cada edici\u00f3n, interihotel re\u00fane a dise\u00f1adores, hoteleros y restauradores, marcas, provocadores y agentes de cambio para encontrar nuevas respuestas.<\/p>\n<p><strong><a href=\"https:\/\/interihotel.com\/\" target=\"_blank\" rel=\"noopener\">interihotel<\/a><\/strong> est\u00e1 dise\u00f1ado con el prop\u00f3sito de ofrecer a los visitantes la oportunidad de hacer una pausa para inspirarse, conectarse y reflexionar.<\/p>\n<p>Te esperamos en el <strong>Stand L26<\/strong><\/p>\n<p>Fecha: <strong>19, 20 y 21 de noviembre<\/strong><\/p>\n<p>IFEMA: https:\/\/maps.app.goo.gl\/EX2BXGHRVZCjstpJ6<\/p>\n<p>Direcci\u00f3n: Pabell\u00f3n 4, Av. del Parten\u00f3n, 5H, Barajas, 28042 Madrid<\/p>\n<p>&nbsp;<\/p>\n<table>\n<tbody>\n<tr>\n<td><b>D\u00eda<\/b><\/td>\n<td><b>Apertura al p\u00fablico<\/b><\/td>\n<td><\/td>\n<\/tr>\n<tr>\n<td>Martes<\/p>\n<p>19\/11<\/td>\n<td>10:00h a 19:00h<\/td>\n<td><\/td>\n<\/tr>\n<tr>\n<td>Mi\u00e9rcoles<\/p>\n<p>20\/11<\/td>\n<td>10:00h a 19:00h<\/td>\n<td><\/td>\n<\/tr>\n<tr>\n<td>Jueves<\/p>\n<p>21\/11<\/td>\n<td>10:00h a 19:00h<\/td>\n<td><\/td>\n<\/tr>\n<\/tbody>\n<\/table>\n","protected":false},"excerpt":{"rendered":"<p>DVELAS se suma nuevamente a interihotel , el evento boutique que desata energ\u00eda transformadora, difundiendo ideas y proyectos esenciales para forjar un futuro brillante en el sector del dise\u00f1o hotelero. Como cada edici\u00f3n, interihotel re\u00fane a dise\u00f1adores, hoteleros y restauradores, marcas, provocadores y agentes de cambio para encontrar nuevas respuestas. interihotel est\u00e1 dise\u00f1ado con el [&hellip;]<\/p>\n","protected":false},"author":7,"featured_media":12326,"comment_status":"open","ping_status":"open","sticky":false,"template":"","format":"standard","meta":{"content-type":"","_uag_custom_page_level_css":"","footnotes":""},"categories":[139],"tags":[261,323,325],"class_list":["post-12324","post","type-post","status-publish","format-standard","has-post-thumbnail","hentry","category-event-es","tag-design-es","tag-dvelas-es","tag-spain-es"],"yoast_head":"<!-- This site is optimized with the Yoast SEO plugin v27.5 - https:\/\/yoast.com\/product\/yoast-seo-wordpress\/ -->\n<title>interihotel Madrid 2024 - DVELAS<\/title>\n<meta name=\"description\" content=\"EXPOSICI\u00d3N \u00b7 CONGRESOS Y TALLERESINNOVACI\u00d3N Y TENDENCIAS \u00b7 PREMIOS \u00b7 DVELAS se suma nuevamente al bouique event interihotel que desata energ\u00eda transformadora, difundiendo ideas y proyectos esenciales para forjar un futuro brillante en el sector del dise\u00f1o hotelero. Como cada edici\u00f3n, interihotel re\u00fane a dise\u00f1adores, hoteleros y restauradores, marcas, provocadores y agentes de cambio para encontrar nuevas respuestas. interihotel est\u00e1 dise\u00f1ado con el prop\u00f3sito de ofrecer a los visitantes la oportunidad de hacer una pausa para inspirarse, conectarse y reflexionar.\" \/>\n<meta name=\"robots\" content=\"index, follow, max-snippet:-1, max-image-preview:large, max-video-preview:-1\" \/>\n<link rel=\"canonical\" href=\"https:\/\/dvelas.com\/es\/interihotel-madrid-2024\/\" \/>\n<meta property=\"og:locale\" content=\"es_ES\" \/>\n<meta property=\"og:type\" content=\"article\" \/>\n<meta property=\"og:title\" content=\"interihotel Madrid 2024 - DVELAS\" \/>\n<meta property=\"og:description\" content=\"EXPOSICI\u00d3N \u00b7 CONGRESOS Y TALLERESINNOVACI\u00d3N Y TENDENCIAS \u00b7 PREMIOS \u00b7 DVELAS se suma nuevamente al bouique event interihotel que desata energ\u00eda transformadora, difundiendo ideas y proyectos esenciales para forjar un futuro brillante en el sector del dise\u00f1o hotelero. Como cada edici\u00f3n, interihotel re\u00fane a dise\u00f1adores, hoteleros y restauradores, marcas, provocadores y agentes de cambio para encontrar nuevas respuestas. interihotel est\u00e1 dise\u00f1ado con el prop\u00f3sito de ofrecer a los visitantes la oportunidad de hacer una pausa para inspirarse, conectarse y reflexionar.\" \/>\n<meta property=\"og:url\" content=\"https:\/\/dvelas.com\/es\/interihotel-madrid-2024\/\" \/>\n<meta property=\"og:site_name\" content=\"DVELAS\" \/>\n<meta property=\"article:publisher\" content=\"https:\/\/www.facebook.com\/dvelasdesign\/\" \/>\n<meta property=\"article:published_time\" content=\"2024-05-22T11:46:00+00:00\" \/>\n<meta property=\"article:modified_time\" content=\"2024-05-27T11:46:15+00:00\" \/>\n<meta property=\"og:image\" content=\"https:\/\/dvelas.com\/wp-content\/uploads\/2024\/05\/ifema-madrid-dvelas-24.png\" \/>\n\t<meta property=\"og:image:width\" content=\"790\" \/>\n\t<meta property=\"og:image:height\" content=\"790\" \/>\n\t<meta property=\"og:image:type\" content=\"image\/png\" \/>\n<meta name=\"author\" content=\"Dvelas\" \/>\n<meta name=\"twitter:card\" content=\"summary_large_image\" \/>\n<meta name=\"twitter:creator\" content=\"@dvelasdesign\" \/>\n<meta name=\"twitter:site\" content=\"@dvelasdesign\" \/>\n<meta name=\"twitter:label1\" content=\"Escrito por\" \/>\n\t<meta name=\"twitter:data1\" content=\"Dvelas\" \/>\n\t<meta name=\"twitter:label2\" content=\"Tiempo de lectura\" \/>\n\t<meta name=\"twitter:data2\" content=\"1 minuto\" \/>\n<script type=\"application\/ld+json\" class=\"yoast-schema-graph\">{\"@context\":\"https:\\\/\\\/schema.org\",\"@graph\":[{\"@type\":\"Article\",\"@id\":\"https:\\\/\\\/dvelas.com\\\/es\\\/interihotel-madrid-2024\\\/#article\",\"isPartOf\":{\"@id\":\"https:\\\/\\\/dvelas.com\\\/es\\\/interihotel-madrid-2024\\\/\"},\"author\":{\"name\":\"Dvelas\",\"@id\":\"https:\\\/\\\/dvelas.com\\\/#\\\/schema\\\/person\\\/0d7a132e915c85a8a254a32b9a07309d\"},\"headline\":\"interihotel Madrid 2024\",\"datePublished\":\"2024-05-22T11:46:00+00:00\",\"dateModified\":\"2024-05-27T11:46:15+00:00\",\"mainEntityOfPage\":{\"@id\":\"https:\\\/\\\/dvelas.com\\\/es\\\/interihotel-madrid-2024\\\/\"},\"wordCount\":129,\"commentCount\":0,\"publisher\":{\"@id\":\"https:\\\/\\\/dvelas.com\\\/#organization\"},\"image\":{\"@id\":\"https:\\\/\\\/dvelas.com\\\/es\\\/interihotel-madrid-2024\\\/#primaryimage\"},\"thumbnailUrl\":\"https:\\\/\\\/dvelas.com\\\/wp-content\\\/uploads\\\/2024\\\/05\\\/ifema-madrid-dvelas-24.png\",\"keywords\":[\"design\",\"dvelas\",\"spain\"],\"articleSection\":[\"Event\"],\"inLanguage\":\"es\",\"potentialAction\":[{\"@type\":\"CommentAction\",\"name\":\"Comment\",\"target\":[\"https:\\\/\\\/dvelas.com\\\/es\\\/interihotel-madrid-2024\\\/#respond\"]}]},{\"@type\":\"WebPage\",\"@id\":\"https:\\\/\\\/dvelas.com\\\/es\\\/interihotel-madrid-2024\\\/\",\"url\":\"https:\\\/\\\/dvelas.com\\\/es\\\/interihotel-madrid-2024\\\/\",\"name\":\"interihotel Madrid 2024 - DVELAS\",\"isPartOf\":{\"@id\":\"https:\\\/\\\/dvelas.com\\\/#website\"},\"primaryImageOfPage\":{\"@id\":\"https:\\\/\\\/dvelas.com\\\/es\\\/interihotel-madrid-2024\\\/#primaryimage\"},\"image\":{\"@id\":\"https:\\\/\\\/dvelas.com\\\/es\\\/interihotel-madrid-2024\\\/#primaryimage\"},\"thumbnailUrl\":\"https:\\\/\\\/dvelas.com\\\/wp-content\\\/uploads\\\/2024\\\/05\\\/ifema-madrid-dvelas-24.png\",\"datePublished\":\"2024-05-22T11:46:00+00:00\",\"dateModified\":\"2024-05-27T11:46:15+00:00\",\"description\":\"EXPOSICI\u00d3N \u00b7 CONGRESOS Y TALLERESINNOVACI\u00d3N Y TENDENCIAS \u00b7 PREMIOS \u00b7 DVELAS se suma nuevamente al bouique event interihotel que desata energ\u00eda transformadora, difundiendo ideas y proyectos esenciales para forjar un futuro brillante en el sector del dise\u00f1o hotelero. Como cada edici\u00f3n, interihotel re\u00fane a dise\u00f1adores, hoteleros y restauradores, marcas, provocadores y agentes de cambio para encontrar nuevas respuestas. interihotel est\u00e1 dise\u00f1ado con el prop\u00f3sito de ofrecer a los visitantes la oportunidad de hacer una pausa para inspirarse, conectarse y reflexionar.\",\"breadcrumb\":{\"@id\":\"https:\\\/\\\/dvelas.com\\\/es\\\/interihotel-madrid-2024\\\/#breadcrumb\"},\"inLanguage\":\"es\",\"potentialAction\":[{\"@type\":\"ReadAction\",\"target\":[\"https:\\\/\\\/dvelas.com\\\/es\\\/interihotel-madrid-2024\\\/\"]}]},{\"@type\":\"ImageObject\",\"inLanguage\":\"es\",\"@id\":\"https:\\\/\\\/dvelas.com\\\/es\\\/interihotel-madrid-2024\\\/#primaryimage\",\"url\":\"https:\\\/\\\/dvelas.com\\\/wp-content\\\/uploads\\\/2024\\\/05\\\/ifema-madrid-dvelas-24.png\",\"contentUrl\":\"https:\\\/\\\/dvelas.com\\\/wp-content\\\/uploads\\\/2024\\\/05\\\/ifema-madrid-dvelas-24.png\",\"width\":790,\"height\":790},{\"@type\":\"BreadcrumbList\",\"@id\":\"https:\\\/\\\/dvelas.com\\\/es\\\/interihotel-madrid-2024\\\/#breadcrumb\",\"itemListElement\":[{\"@type\":\"ListItem\",\"position\":1,\"name\":\"Home\",\"item\":\"https:\\\/\\\/dvelas.com\\\/es\\\/\"},{\"@type\":\"ListItem\",\"position\":2,\"name\":\"interihotel Madrid 2024\"}]},{\"@type\":\"WebSite\",\"@id\":\"https:\\\/\\\/dvelas.com\\\/#website\",\"url\":\"https:\\\/\\\/dvelas.com\\\/\",\"name\":\"DVELAS\",\"description\":\"Muebles de exterior y velas de sombra para uso dom\u00e9stico y comercial. Dise\u00f1os para un mundo sostenible. Compromiso de econom\u00eda circular.\",\"publisher\":{\"@id\":\"https:\\\/\\\/dvelas.com\\\/#organization\"},\"potentialAction\":[{\"@type\":\"SearchAction\",\"target\":{\"@type\":\"EntryPoint\",\"urlTemplate\":\"https:\\\/\\\/dvelas.com\\\/?s={search_term_string}\"},\"query-input\":{\"@type\":\"PropertyValueSpecification\",\"valueRequired\":true,\"valueName\":\"search_term_string\"}}],\"inLanguage\":\"es\"},{\"@type\":\"Organization\",\"@id\":\"https:\\\/\\\/dvelas.com\\\/#organization\",\"name\":\"Dvelas Sustainable Design\",\"url\":\"https:\\\/\\\/dvelas.com\\\/\",\"logo\":{\"@type\":\"ImageObject\",\"inLanguage\":\"es\",\"@id\":\"https:\\\/\\\/dvelas.com\\\/#\\\/schema\\\/logo\\\/image\\\/\",\"url\":\"https:\\\/\\\/dvelas.com\\\/wp-content\\\/uploads\\\/2020\\\/05\\\/design-outdoor-furniture-310.png\",\"contentUrl\":\"https:\\\/\\\/dvelas.com\\\/wp-content\\\/uploads\\\/2020\\\/05\\\/design-outdoor-furniture-310.png\",\"width\":310,\"height\":130,\"caption\":\"Dvelas Sustainable Design\"},\"image\":{\"@id\":\"https:\\\/\\\/dvelas.com\\\/#\\\/schema\\\/logo\\\/image\\\/\"},\"sameAs\":[\"https:\\\/\\\/www.facebook.com\\\/dvelasdesign\\\/\",\"https:\\\/\\\/x.com\\\/dvelasdesign\",\"https:\\\/\\\/www.instagram.com\\\/dvelas\\\/\",\"https:\\\/\\\/www.linkedin.com\\\/company\\\/dvelas\\\/\",\"https:\\\/\\\/www.pinterest.com\\\/dvelasdesign\\\/\",\"https:\\\/\\\/www.youtube.com\\\/c\\\/DvelasDesign\\\/featured\"]},{\"@type\":\"Person\",\"@id\":\"https:\\\/\\\/dvelas.com\\\/#\\\/schema\\\/person\\\/0d7a132e915c85a8a254a32b9a07309d\",\"name\":\"Dvelas\",\"image\":{\"@type\":\"ImageObject\",\"inLanguage\":\"es\",\"@id\":\"https:\\\/\\\/secure.gravatar.com\\\/avatar\\\/1c1dfe83e45816449747ca6bfc2b059c3df0977a8575d3ecb25c0e5e7ab7a823?s=96&d=mm&r=g\",\"url\":\"https:\\\/\\\/secure.gravatar.com\\\/avatar\\\/1c1dfe83e45816449747ca6bfc2b059c3df0977a8575d3ecb25c0e5e7ab7a823?s=96&d=mm&r=g\",\"contentUrl\":\"https:\\\/\\\/secure.gravatar.com\\\/avatar\\\/1c1dfe83e45816449747ca6bfc2b059c3df0977a8575d3ecb25c0e5e7ab7a823?s=96&d=mm&r=g\",\"caption\":\"Dvelas\"},\"url\":\"https:\\\/\\\/dvelas.com\\\/es\\\/author\\\/dvelas_usr\\\/\"}]}<\/script>\n<!-- \/ Yoast SEO plugin. -->","yoast_head_json":{"title":"interihotel Madrid 2024 - DVELAS","description":"EXPOSICI\u00d3N \u00b7 CONGRESOS Y TALLERESINNOVACI\u00d3N Y TENDENCIAS \u00b7 PREMIOS \u00b7 DVELAS se suma nuevamente al bouique event interihotel que desata energ\u00eda transformadora, difundiendo ideas y proyectos esenciales para forjar un futuro brillante en el sector del dise\u00f1o hotelero. Como cada edici\u00f3n, interihotel re\u00fane a dise\u00f1adores, hoteleros y restauradores, marcas, provocadores y agentes de cambio para encontrar nuevas respuestas. interihotel est\u00e1 dise\u00f1ado con el prop\u00f3sito de ofrecer a los visitantes la oportunidad de hacer una pausa para inspirarse, conectarse y reflexionar.","robots":{"index":"index","follow":"follow","max-snippet":"max-snippet:-1","max-image-preview":"max-image-preview:large","max-video-preview":"max-video-preview:-1"},"canonical":"https:\/\/dvelas.com\/es\/interihotel-madrid-2024\/","og_locale":"es_ES","og_type":"article","og_title":"interihotel Madrid 2024 - DVELAS","og_description":"EXPOSICI\u00d3N \u00b7 CONGRESOS Y TALLERESINNOVACI\u00d3N Y TENDENCIAS \u00b7 PREMIOS \u00b7 DVELAS se suma nuevamente al bouique event interihotel que desata energ\u00eda transformadora, difundiendo ideas y proyectos esenciales para forjar un futuro brillante en el sector del dise\u00f1o hotelero. Como cada edici\u00f3n, interihotel re\u00fane a dise\u00f1adores, hoteleros y restauradores, marcas, provocadores y agentes de cambio para encontrar nuevas respuestas. interihotel est\u00e1 dise\u00f1ado con el prop\u00f3sito de ofrecer a los visitantes la oportunidad de hacer una pausa para inspirarse, conectarse y reflexionar.","og_url":"https:\/\/dvelas.com\/es\/interihotel-madrid-2024\/","og_site_name":"DVELAS","article_publisher":"https:\/\/www.facebook.com\/dvelasdesign\/","article_published_time":"2024-05-22T11:46:00+00:00","article_modified_time":"2024-05-27T11:46:15+00:00","og_image":[{"width":790,"height":790,"url":"https:\/\/dvelas.com\/wp-content\/uploads\/2024\/05\/ifema-madrid-dvelas-24.png","type":"image\/png"}],"author":"Dvelas","twitter_card":"summary_large_image","twitter_creator":"@dvelasdesign","twitter_site":"@dvelasdesign","twitter_misc":{"Escrito por":"Dvelas","Tiempo de lectura":"1 minuto"},"schema":{"@context":"https:\/\/schema.org","@graph":[{"@type":"Article","@id":"https:\/\/dvelas.com\/es\/interihotel-madrid-2024\/#article","isPartOf":{"@id":"https:\/\/dvelas.com\/es\/interihotel-madrid-2024\/"},"author":{"name":"Dvelas","@id":"https:\/\/dvelas.com\/#\/schema\/person\/0d7a132e915c85a8a254a32b9a07309d"},"headline":"interihotel Madrid 2024","datePublished":"2024-05-22T11:46:00+00:00","dateModified":"2024-05-27T11:46:15+00:00","mainEntityOfPage":{"@id":"https:\/\/dvelas.com\/es\/interihotel-madrid-2024\/"},"wordCount":129,"commentCount":0,"publisher":{"@id":"https:\/\/dvelas.com\/#organization"},"image":{"@id":"https:\/\/dvelas.com\/es\/interihotel-madrid-2024\/#primaryimage"},"thumbnailUrl":"https:\/\/dvelas.com\/wp-content\/uploads\/2024\/05\/ifema-madrid-dvelas-24.png","keywords":["design","dvelas","spain"],"articleSection":["Event"],"inLanguage":"es","potentialAction":[{"@type":"CommentAction","name":"Comment","target":["https:\/\/dvelas.com\/es\/interihotel-madrid-2024\/#respond"]}]},{"@type":"WebPage","@id":"https:\/\/dvelas.com\/es\/interihotel-madrid-2024\/","url":"https:\/\/dvelas.com\/es\/interihotel-madrid-2024\/","name":"interihotel Madrid 2024 - DVELAS","isPartOf":{"@id":"https:\/\/dvelas.com\/#website"},"primaryImageOfPage":{"@id":"https:\/\/dvelas.com\/es\/interihotel-madrid-2024\/#primaryimage"},"image":{"@id":"https:\/\/dvelas.com\/es\/interihotel-madrid-2024\/#primaryimage"},"thumbnailUrl":"https:\/\/dvelas.com\/wp-content\/uploads\/2024\/05\/ifema-madrid-dvelas-24.png","datePublished":"2024-05-22T11:46:00+00:00","dateModified":"2024-05-27T11:46:15+00:00","description":"EXPOSICI\u00d3N \u00b7 CONGRESOS Y TALLERESINNOVACI\u00d3N Y TENDENCIAS \u00b7 PREMIOS \u00b7 DVELAS se suma nuevamente al bouique event interihotel que desata energ\u00eda transformadora, difundiendo ideas y proyectos esenciales para forjar un futuro brillante en el sector del dise\u00f1o hotelero. Como cada edici\u00f3n, interihotel re\u00fane a dise\u00f1adores, hoteleros y restauradores, marcas, provocadores y agentes de cambio para encontrar nuevas respuestas. interihotel est\u00e1 dise\u00f1ado con el prop\u00f3sito de ofrecer a los visitantes la oportunidad de hacer una pausa para inspirarse, conectarse y reflexionar.","breadcrumb":{"@id":"https:\/\/dvelas.com\/es\/interihotel-madrid-2024\/#breadcrumb"},"inLanguage":"es","potentialAction":[{"@type":"ReadAction","target":["https:\/\/dvelas.com\/es\/interihotel-madrid-2024\/"]}]},{"@type":"ImageObject","inLanguage":"es","@id":"https:\/\/dvelas.com\/es\/interihotel-madrid-2024\/#primaryimage","url":"https:\/\/dvelas.com\/wp-content\/uploads\/2024\/05\/ifema-madrid-dvelas-24.png","contentUrl":"https:\/\/dvelas.com\/wp-content\/uploads\/2024\/05\/ifema-madrid-dvelas-24.png","width":790,"height":790},{"@type":"BreadcrumbList","@id":"https:\/\/dvelas.com\/es\/interihotel-madrid-2024\/#breadcrumb","itemListElement":[{"@type":"ListItem","position":1,"name":"Home","item":"https:\/\/dvelas.com\/es\/"},{"@type":"ListItem","position":2,"name":"interihotel Madrid 2024"}]},{"@type":"WebSite","@id":"https:\/\/dvelas.com\/#website","url":"https:\/\/dvelas.com\/","name":"DVELAS","description":"Muebles de exterior y velas de sombra para uso dom\u00e9stico y comercial. Dise\u00f1os para un mundo sostenible. Compromiso de econom\u00eda circular.","publisher":{"@id":"https:\/\/dvelas.com\/#organization"},"potentialAction":[{"@type":"SearchAction","target":{"@type":"EntryPoint","urlTemplate":"https:\/\/dvelas.com\/?s={search_term_string}"},"query-input":{"@type":"PropertyValueSpecification","valueRequired":true,"valueName":"search_term_string"}}],"inLanguage":"es"},{"@type":"Organization","@id":"https:\/\/dvelas.com\/#organization","name":"Dvelas Sustainable Design","url":"https:\/\/dvelas.com\/","logo":{"@type":"ImageObject","inLanguage":"es","@id":"https:\/\/dvelas.com\/#\/schema\/logo\/image\/","url":"https:\/\/dvelas.com\/wp-content\/uploads\/2020\/05\/design-outdoor-furniture-310.png","contentUrl":"https:\/\/dvelas.com\/wp-content\/uploads\/2020\/05\/design-outdoor-furniture-310.png","width":310,"height":130,"caption":"Dvelas Sustainable Design"},"image":{"@id":"https:\/\/dvelas.com\/#\/schema\/logo\/image\/"},"sameAs":["https:\/\/www.facebook.com\/dvelasdesign\/","https:\/\/x.com\/dvelasdesign","https:\/\/www.instagram.com\/dvelas\/","https:\/\/www.linkedin.com\/company\/dvelas\/","https:\/\/www.pinterest.com\/dvelasdesign\/","https:\/\/www.youtube.com\/c\/DvelasDesign\/featured"]},{"@type":"Person","@id":"https:\/\/dvelas.com\/#\/schema\/person\/0d7a132e915c85a8a254a32b9a07309d","name":"Dvelas","image":{"@type":"ImageObject","inLanguage":"es","@id":"https:\/\/secure.gravatar.com\/avatar\/1c1dfe83e45816449747ca6bfc2b059c3df0977a8575d3ecb25c0e5e7ab7a823?s=96&d=mm&r=g","url":"https:\/\/secure.gravatar.com\/avatar\/1c1dfe83e45816449747ca6bfc2b059c3df0977a8575d3ecb25c0e5e7ab7a823?s=96&d=mm&r=g","contentUrl":"https:\/\/secure.gravatar.com\/avatar\/1c1dfe83e45816449747ca6bfc2b059c3df0977a8575d3ecb25c0e5e7ab7a823?s=96&d=mm&r=g","caption":"Dvelas"},"url":"https:\/\/dvelas.com\/es\/author\/dvelas_usr\/"}]}},"uagb_featured_image_src":{"full":["https:\/\/dvelas.com\/wp-content\/uploads\/2024\/05\/ifema-madrid-dvelas-24.png",790,790,false],"thumbnail":["https:\/\/dvelas.com\/wp-content\/uploads\/2024\/05\/ifema-madrid-dvelas-24.png",150,150,false],"medium":["https:\/\/dvelas.com\/wp-content\/uploads\/2024\/05\/ifema-madrid-dvelas-24.png",300,300,false],"medium_large":["https:\/\/dvelas.com\/wp-content\/uploads\/2024\/05\/ifema-madrid-dvelas-24.png",768,768,false],"large":["https:\/\/dvelas.com\/wp-content\/uploads\/2024\/05\/ifema-madrid-dvelas-24.png",790,790,false],"1536x1536":["https:\/\/dvelas.com\/wp-content\/uploads\/2024\/05\/ifema-madrid-dvelas-24.png",790,790,false],"2048x2048":["https:\/\/dvelas.com\/wp-content\/uploads\/2024\/05\/ifema-madrid-dvelas-24.png",790,790,false],"blog-large":["https:\/\/dvelas.com\/wp-content\/uploads\/2024\/05\/ifema-madrid-dvelas-24.png",272,272,false],"blog-medium":["https:\/\/dvelas.com\/wp-content\/uploads\/2024\/05\/ifema-madrid-dvelas-24.png",202,202,false],"recent-posts":["https:\/\/dvelas.com\/wp-content\/uploads\/2024\/05\/ifema-madrid-dvelas-24.png",441,441,false],"recent-works-thumbnail":["https:\/\/dvelas.com\/wp-content\/uploads\/2024\/05\/ifema-madrid-dvelas-24.png",66,66,false],"fusion-200":["https:\/\/dvelas.com\/wp-content\/uploads\/2024\/05\/ifema-madrid-dvelas-24.png",200,200,false],"fusion-400":["https:\/\/dvelas.com\/wp-content\/uploads\/2024\/05\/ifema-madrid-dvelas-24.png",400,400,false],"fusion-600":["https:\/\/dvelas.com\/wp-content\/uploads\/2024\/05\/ifema-madrid-dvelas-24.png",600,600,false],"fusion-800":["https:\/\/dvelas.com\/wp-content\/uploads\/2024\/05\/ifema-madrid-dvelas-24.png",790,790,false],"fusion-1200":["https:\/\/dvelas.com\/wp-content\/uploads\/2024\/05\/ifema-madrid-dvelas-24.png",790,790,false],"portfolio-full":["https:\/\/dvelas.com\/wp-content\/uploads\/2024\/05\/ifema-madrid-dvelas-24.png",400,400,false],"portfolio-one":["https:\/\/dvelas.com\/wp-content\/uploads\/2024\/05\/ifema-madrid-dvelas-24.png",272,272,false],"portfolio-two":["https:\/\/dvelas.com\/wp-content\/uploads\/2024\/05\/ifema-madrid-dvelas-24.png",295,295,false],"portfolio-three":["https:\/\/dvelas.com\/wp-content\/uploads\/2024\/05\/ifema-madrid-dvelas-24.png",214,214,false],"portfolio-five":["https:\/\/dvelas.com\/wp-content\/uploads\/2024\/05\/ifema-madrid-dvelas-24.png",142,142,false]},"uagb_author_info":{"display_name":"Dvelas","author_link":"https:\/\/dvelas.com\/es\/author\/dvelas_usr\/"},"uagb_comment_info":0,"uagb_excerpt":"DVELAS se suma nuevamente a interihotel , el evento boutique que desata energ\u00eda transformadora, difundiendo ideas y proyectos esenciales para forjar un futuro brillante en el sector del dise\u00f1o hotelero. Como cada edici\u00f3n, interihotel re\u00fane a dise\u00f1adores, hoteleros y restauradores, marcas, provocadores y agentes de cambio para encontrar nuevas respuestas. interihotel est\u00e1 dise\u00f1ado con el&hellip;","_links":{"self":[{"href":"https:\/\/dvelas.com\/es\/wp-json\/wp\/v2\/posts\/12324","targetHints":{"allow":["GET"]}}],"collection":[{"href":"https:\/\/dvelas.com\/es\/wp-json\/wp\/v2\/posts"}],"about":[{"href":"https:\/\/dvelas.com\/es\/wp-json\/wp\/v2\/types\/post"}],"author":[{"embeddable":true,"href":"https:\/\/dvelas.com\/es\/wp-json\/wp\/v2\/users\/7"}],"replies":[{"embeddable":true,"href":"https:\/\/dvelas.com\/es\/wp-json\/wp\/v2\/comments?post=12324"}],"version-history":[{"count":5,"href":"https:\/\/dvelas.com\/es\/wp-json\/wp\/v2\/posts\/12324\/revisions"}],"predecessor-version":[{"id":12341,"href":"https:\/\/dvelas.com\/es\/wp-json\/wp\/v2\/posts\/12324\/revisions\/12341"}],"wp:featuredmedia":[{"embeddable":true,"href":"https:\/\/dvelas.com\/es\/wp-json\/wp\/v2\/media\/12326"}],"wp:attachment":[{"href":"https:\/\/dvelas.com\/es\/wp-json\/wp\/v2\/media?parent=12324"}],"wp:term":[{"taxonomy":"category","embeddable":true,"href":"https:\/\/dvelas.com\/es\/wp-json\/wp\/v2\/categories?post=12324"},{"taxonomy":"post_tag","embeddable":true,"href":"https:\/\/dvelas.com\/es\/wp-json\/wp\/v2\/tags?post=12324"}],"curies":[{"name":"wp","href":"https:\/\/api.w.org\/{rel}","templated":true}]}}