{"id":7244,"date":"2020-12-05T19:44:36","date_gmt":"2020-12-05T19:44:36","guid":{"rendered":"https:\/\/dvelas.com\/dvelas-joins-habitat-fair-in-valencia\/"},"modified":"2020-12-05T20:20:13","modified_gmt":"2020-12-05T20:20:13","slug":"dvelas-joins-habitat-fair-in-valencia","status":"publish","type":"post","link":"https:\/\/dvelas.com\/es\/dvelas-joins-habitat-fair-in-valencia\/","title":{"rendered":"DVELAS joins Habitat Fair in Valencia"},"content":{"rendered":"<p><div class=\"fusion-fullwidth fullwidth-box fusion-builder-row-1 nonhundred-percent-fullwidth non-hundred-percent-height-scrolling\" style=\"background-color: rgba(255,255,255,0);background-position: center center;background-repeat: no-repeat;padding-top:0px;padding-right:0px;padding-bottom:0px;padding-left:0px;margin-bottom: 0px;margin-top: 0px;border-width: 0px 0px 0px 0px;border-color:#eae9e9;border-style:solid;\" ><div class=\"fusion-builder-row fusion-row\"><div class=\"fusion-layout-column fusion_builder_column fusion-builder-column-0 fusion_builder_column_1_1 1_1 fusion-one-full fusion-column-first fusion-column-last\" style=\"margin-top:0px;margin-bottom:0px;\"><div class=\"fusion-column-wrapper fusion-flex-column-wrapper-legacy\" style=\"background-position:left top;background-repeat:no-repeat;-webkit-background-size:cover;-moz-background-size:cover;-o-background-size:cover;background-size:cover;padding: 0px 0px 0px 0px;\"><div class=\"fusion-text fusion-text-1\"><p>We continue reusing sails to transforming them into beautiful furniture designed to fuse beauty, comfort and durability.<br \/>\nSails that have travelled around the world for years are now transformed into awnings with incorporated lighting to iluminate your favourite space. The fresh designs we are showing in will bring you closer to the ocean.<\/p>\n<p>Visit us!<\/p>\n<p><strong>STAND D39 \/ LEVEL 3 \/ PAVILION 1<\/strong><br \/>\n<strong>17th to 20th of September<\/strong><\/p>\n<p><a href=\"http:\/\/www.feriahabitatvalencia.com\">www.feriahabitatvalencia.com<\/a><\/p>\n<p>#habitat #valencia #design #furniture<\/p>\n<\/div><div class=\"fusion-clearfix\"><\/div><\/div><\/div><\/div><\/div><div class=\"fusion-fullwidth fullwidth-box fusion-builder-row-2 nonhundred-percent-fullwidth non-hundred-percent-height-scrolling\" style=\"background-color: rgba(255,255,255,0);background-position: center center;background-repeat: no-repeat;padding-top:0px;padding-right:0px;padding-bottom:0px;padding-left:0px;margin-bottom: 0px;margin-top: 0px;border-width: 0px 0px 0px 0px;border-color:#eae9e9;border-style:solid;\" ><div class=\"fusion-builder-row fusion-row\"><div class=\"fusion-layout-column fusion_builder_column fusion-builder-column-1 fusion_builder_column_1_1 1_1 fusion-one-full fusion-column-first fusion-column-last\" style=\"margin-top:0px;margin-bottom:0px;\"><div class=\"fusion-column-wrapper fusion-flex-column-wrapper-legacy\" style=\"background-position:left top;background-repeat:no-repeat;-webkit-background-size:cover;-moz-background-size:cover;-o-background-size:cover;background-size:cover;padding: 0px 0px 0px 0px;\"><style type=\"text\/css\">.fusion-gallery-1 .fusion-gallery-image {border:0px solid #f6f6f6;}<\/style><div class=\"fusion-gallery fusion-gallery-container fusion-grid-2 fusion-columns-total-4 fusion-gallery-layout-grid fusion-gallery-1\" style=\"margin:-5px;\"><div style=\"padding:5px;\" class=\"fusion-grid-column fusion-gallery-column fusion-gallery-column-2 hover-type-none\"><div class=\"fusion-gallery-image\"><a href=\"https:\/\/dvelas.com\/wp-content\/uploads\/2019\/09\/habitat-contemporaneo-dvelas-1.jpg\" rel=\"noreferrer\" data-rel=\"iLightbox[gallery_image_1]\" class=\"fusion-lightbox\" target=\"_self\"><img fetchpriority=\"high\" fetchpriority=\"high\" decoding=\"async\" src=\"https:\/\/dvelas.com\/wp-content\/uploads\/2019\/09\/habitat-contemporaneo-dvelas-1.jpg\" width=\"1295\" height=\"856\" alt=\"\" title=\"habitat-contemporaneo-dvelas-1\" aria-label=\"habitat-contemporaneo-dvelas-1\" class=\"img-responsive wp-image-5073\" srcset=\"https:\/\/dvelas.com\/wp-content\/uploads\/2019\/09\/habitat-contemporaneo-dvelas-1-200x132.jpg 200w, https:\/\/dvelas.com\/wp-content\/uploads\/2019\/09\/habitat-contemporaneo-dvelas-1-400x264.jpg 400w, https:\/\/dvelas.com\/wp-content\/uploads\/2019\/09\/habitat-contemporaneo-dvelas-1-600x397.jpg 600w, https:\/\/dvelas.com\/wp-content\/uploads\/2019\/09\/habitat-contemporaneo-dvelas-1-800x529.jpg 800w, https:\/\/dvelas.com\/wp-content\/uploads\/2019\/09\/habitat-contemporaneo-dvelas-1-1200x793.jpg 1200w, https:\/\/dvelas.com\/wp-content\/uploads\/2019\/09\/habitat-contemporaneo-dvelas-1.jpg 1295w\" sizes=\"(min-width: 2200px) 100vw, (min-width: 732px) 583px, (min-width: 640px) 732px, \" \/><\/a><\/div><\/div><div style=\"padding:5px;\" class=\"fusion-grid-column fusion-gallery-column fusion-gallery-column-2 hover-type-none\"><div class=\"fusion-gallery-image\"><a href=\"https:\/\/dvelas.com\/wp-content\/uploads\/2019\/09\/habitat-contemporaneo-dvelas-2.jpg\" rel=\"noreferrer\" data-rel=\"iLightbox[gallery_image_1]\" class=\"fusion-lightbox\" target=\"_self\"><img decoding=\"async\" src=\"https:\/\/dvelas.com\/wp-content\/uploads\/2019\/09\/habitat-contemporaneo-dvelas-2.jpg\" width=\"1297\" height=\"852\" alt=\"\" title=\"habitat-contemporaneo-dvelas-2\" aria-label=\"habitat-contemporaneo-dvelas-2\" class=\"img-responsive wp-image-5074\" srcset=\"https:\/\/dvelas.com\/wp-content\/uploads\/2019\/09\/habitat-contemporaneo-dvelas-2-200x131.jpg 200w, https:\/\/dvelas.com\/wp-content\/uploads\/2019\/09\/habitat-contemporaneo-dvelas-2-400x263.jpg 400w, https:\/\/dvelas.com\/wp-content\/uploads\/2019\/09\/habitat-contemporaneo-dvelas-2-600x394.jpg 600w, https:\/\/dvelas.com\/wp-content\/uploads\/2019\/09\/habitat-contemporaneo-dvelas-2-800x526.jpg 800w, https:\/\/dvelas.com\/wp-content\/uploads\/2019\/09\/habitat-contemporaneo-dvelas-2-1200x788.jpg 1200w, https:\/\/dvelas.com\/wp-content\/uploads\/2019\/09\/habitat-contemporaneo-dvelas-2.jpg 1297w\" sizes=\"(min-width: 2200px) 100vw, (min-width: 732px) 583px, (min-width: 640px) 732px, \" \/><\/a><\/div><\/div><div class=\"clearfix\"><\/div><div style=\"padding:5px;\" class=\"fusion-grid-column fusion-gallery-column fusion-gallery-column-2 hover-type-none\"><div class=\"fusion-gallery-image\"><a href=\"https:\/\/dvelas.com\/wp-content\/uploads\/2019\/09\/habitat-contemporaneo-dvelas-3.jpg\" rel=\"noreferrer\" data-rel=\"iLightbox[gallery_image_1]\" class=\"fusion-lightbox\" target=\"_self\"><img decoding=\"async\" src=\"https:\/\/dvelas.com\/wp-content\/uploads\/2019\/09\/habitat-contemporaneo-dvelas-3.jpg\" width=\"1147\" height=\"768\" alt=\"\" title=\"habitat-contemporaneo-dvelas-3\" aria-label=\"habitat-contemporaneo-dvelas-3\" class=\"img-responsive wp-image-5075\" srcset=\"https:\/\/dvelas.com\/wp-content\/uploads\/2019\/09\/habitat-contemporaneo-dvelas-3-200x134.jpg 200w, https:\/\/dvelas.com\/wp-content\/uploads\/2019\/09\/habitat-contemporaneo-dvelas-3-400x268.jpg 400w, https:\/\/dvelas.com\/wp-content\/uploads\/2019\/09\/habitat-contemporaneo-dvelas-3-600x402.jpg 600w, https:\/\/dvelas.com\/wp-content\/uploads\/2019\/09\/habitat-contemporaneo-dvelas-3-800x536.jpg 800w, https:\/\/dvelas.com\/wp-content\/uploads\/2019\/09\/habitat-contemporaneo-dvelas-3.jpg 1147w\" sizes=\"(min-width: 2200px) 100vw, (min-width: 732px) 583px, (min-width: 640px) 732px, \" \/><\/a><\/div><\/div><div style=\"padding:5px;\" class=\"fusion-grid-column fusion-gallery-column fusion-gallery-column-2 hover-type-none\"><div class=\"fusion-gallery-image\"><a href=\"https:\/\/dvelas.com\/wp-content\/uploads\/2019\/09\/habitat-contemporaneo-dvelas-4.jpg\" rel=\"noreferrer\" data-rel=\"iLightbox[gallery_image_1]\" class=\"fusion-lightbox\" target=\"_self\"><img loading=\"lazy\" loading=\"lazy\" decoding=\"async\" src=\"https:\/\/dvelas.com\/wp-content\/uploads\/2019\/09\/habitat-contemporaneo-dvelas-4.jpg\" width=\"1149\" height=\"766\" alt=\"\" title=\"habitat-contemporaneo-dvelas-4\" aria-label=\"habitat-contemporaneo-dvelas-4\" class=\"img-responsive wp-image-5076\" srcset=\"https:\/\/dvelas.com\/wp-content\/uploads\/2019\/09\/habitat-contemporaneo-dvelas-4-200x133.jpg 200w, https:\/\/dvelas.com\/wp-content\/uploads\/2019\/09\/habitat-contemporaneo-dvelas-4-400x267.jpg 400w, https:\/\/dvelas.com\/wp-content\/uploads\/2019\/09\/habitat-contemporaneo-dvelas-4-600x400.jpg 600w, https:\/\/dvelas.com\/wp-content\/uploads\/2019\/09\/habitat-contemporaneo-dvelas-4-800x533.jpg 800w, https:\/\/dvelas.com\/wp-content\/uploads\/2019\/09\/habitat-contemporaneo-dvelas-4.jpg 1149w\" sizes=\"auto, (min-width: 2200px) 100vw, (min-width: 732px) 583px, (min-width: 640px) 732px, \" \/><\/a><\/div><\/div><div class=\"clearfix\"><\/div><\/div><div class=\"fusion-clearfix\"><\/div><\/div><\/div><\/div><\/div><\/p>\n","protected":false},"excerpt":{"rendered":"","protected":false},"author":2,"featured_media":6358,"comment_status":"open","ping_status":"open","sticky":false,"template":"","format":"standard","meta":{"content-type":"","_uag_custom_page_level_css":"","footnotes":""},"categories":[139],"tags":[],"class_list":["post-7244","post","type-post","status-publish","format-standard","has-post-thumbnail","hentry","category-event-es"],"yoast_head":"<!-- This site is optimized with the Yoast SEO plugin v27.5 - https:\/\/yoast.com\/product\/yoast-seo-wordpress\/ -->\n<title>DVELAS joins Habitat Fair in Valencia - DVELAS<\/title>\n<meta name=\"robots\" content=\"index, follow, max-snippet:-1, max-image-preview:large, max-video-preview:-1\" \/>\n<link rel=\"canonical\" href=\"https:\/\/dvelas.com\/es\/dvelas-joins-habitat-fair-in-valencia\/\" \/>\n<meta property=\"og:locale\" content=\"es_ES\" \/>\n<meta property=\"og:type\" content=\"article\" \/>\n<meta property=\"og:title\" content=\"DVELAS joins Habitat Fair in Valencia - DVELAS\" \/>\n<meta property=\"og:url\" content=\"https:\/\/dvelas.com\/es\/dvelas-joins-habitat-fair-in-valencia\/\" \/>\n<meta property=\"og:site_name\" content=\"DVELAS\" \/>\n<meta property=\"article:publisher\" content=\"https:\/\/www.facebook.com\/dvelasdesign\/\" \/>\n<meta property=\"article:published_time\" content=\"2020-12-05T19:44:36+00:00\" \/>\n<meta property=\"article:modified_time\" content=\"2020-12-05T20:20:13+00:00\" \/>\n<meta property=\"og:image\" content=\"https:\/\/dvelas.com\/wp-content\/uploads\/2019\/09\/habitat-contemporaneo-dvelas-valencia.jpg\" \/>\n\t<meta property=\"og:image:width\" content=\"800\" \/>\n\t<meta property=\"og:image:height\" content=\"800\" \/>\n\t<meta property=\"og:image:type\" content=\"image\/jpeg\" \/>\n<meta name=\"author\" content=\"Arraitz\" \/>\n<meta name=\"twitter:card\" content=\"summary_large_image\" \/>\n<meta name=\"twitter:creator\" content=\"@dvelasdesign\" \/>\n<meta name=\"twitter:site\" content=\"@dvelasdesign\" \/>\n<meta name=\"twitter:label1\" content=\"Escrito por\" \/>\n\t<meta name=\"twitter:data1\" content=\"Arraitz\" \/>\n\t<meta name=\"twitter:label2\" content=\"Tiempo de lectura\" \/>\n\t<meta name=\"twitter:data2\" content=\"3 minutos\" \/>\n<script type=\"application\/ld+json\" class=\"yoast-schema-graph\">{\"@context\":\"https:\\\/\\\/schema.org\",\"@graph\":[{\"@type\":\"Article\",\"@id\":\"https:\\\/\\\/dvelas.com\\\/es\\\/dvelas-joins-habitat-fair-in-valencia\\\/#article\",\"isPartOf\":{\"@id\":\"https:\\\/\\\/dvelas.com\\\/es\\\/dvelas-joins-habitat-fair-in-valencia\\\/\"},\"author\":{\"name\":\"Arraitz\",\"@id\":\"https:\\\/\\\/dvelas.com\\\/#\\\/schema\\\/person\\\/205c33bc21c7547f34834a571c8eba95\"},\"headline\":\"DVELAS joins Habitat Fair in Valencia\",\"datePublished\":\"2020-12-05T19:44:36+00:00\",\"dateModified\":\"2020-12-05T20:20:13+00:00\",\"mainEntityOfPage\":{\"@id\":\"https:\\\/\\\/dvelas.com\\\/es\\\/dvelas-joins-habitat-fair-in-valencia\\\/\"},\"wordCount\":525,\"commentCount\":0,\"publisher\":{\"@id\":\"https:\\\/\\\/dvelas.com\\\/#organization\"},\"image\":{\"@id\":\"https:\\\/\\\/dvelas.com\\\/es\\\/dvelas-joins-habitat-fair-in-valencia\\\/#primaryimage\"},\"thumbnailUrl\":\"https:\\\/\\\/dvelas.com\\\/wp-content\\\/uploads\\\/2019\\\/09\\\/habitat-contemporaneo-dvelas-valencia.jpg\",\"articleSection\":[\"Event\"],\"inLanguage\":\"es\",\"potentialAction\":[{\"@type\":\"CommentAction\",\"name\":\"Comment\",\"target\":[\"https:\\\/\\\/dvelas.com\\\/es\\\/dvelas-joins-habitat-fair-in-valencia\\\/#respond\"]}]},{\"@type\":\"WebPage\",\"@id\":\"https:\\\/\\\/dvelas.com\\\/es\\\/dvelas-joins-habitat-fair-in-valencia\\\/\",\"url\":\"https:\\\/\\\/dvelas.com\\\/es\\\/dvelas-joins-habitat-fair-in-valencia\\\/\",\"name\":\"DVELAS joins Habitat Fair in Valencia - DVELAS\",\"isPartOf\":{\"@id\":\"https:\\\/\\\/dvelas.com\\\/#website\"},\"primaryImageOfPage\":{\"@id\":\"https:\\\/\\\/dvelas.com\\\/es\\\/dvelas-joins-habitat-fair-in-valencia\\\/#primaryimage\"},\"image\":{\"@id\":\"https:\\\/\\\/dvelas.com\\\/es\\\/dvelas-joins-habitat-fair-in-valencia\\\/#primaryimage\"},\"thumbnailUrl\":\"https:\\\/\\\/dvelas.com\\\/wp-content\\\/uploads\\\/2019\\\/09\\\/habitat-contemporaneo-dvelas-valencia.jpg\",\"datePublished\":\"2020-12-05T19:44:36+00:00\",\"dateModified\":\"2020-12-05T20:20:13+00:00\",\"breadcrumb\":{\"@id\":\"https:\\\/\\\/dvelas.com\\\/es\\\/dvelas-joins-habitat-fair-in-valencia\\\/#breadcrumb\"},\"inLanguage\":\"es\",\"potentialAction\":[{\"@type\":\"ReadAction\",\"target\":[\"https:\\\/\\\/dvelas.com\\\/es\\\/dvelas-joins-habitat-fair-in-valencia\\\/\"]}]},{\"@type\":\"ImageObject\",\"inLanguage\":\"es\",\"@id\":\"https:\\\/\\\/dvelas.com\\\/es\\\/dvelas-joins-habitat-fair-in-valencia\\\/#primaryimage\",\"url\":\"https:\\\/\\\/dvelas.com\\\/wp-content\\\/uploads\\\/2019\\\/09\\\/habitat-contemporaneo-dvelas-valencia.jpg\",\"contentUrl\":\"https:\\\/\\\/dvelas.com\\\/wp-content\\\/uploads\\\/2019\\\/09\\\/habitat-contemporaneo-dvelas-valencia.jpg\",\"width\":800,\"height\":800},{\"@type\":\"BreadcrumbList\",\"@id\":\"https:\\\/\\\/dvelas.com\\\/es\\\/dvelas-joins-habitat-fair-in-valencia\\\/#breadcrumb\",\"itemListElement\":[{\"@type\":\"ListItem\",\"position\":1,\"name\":\"Home\",\"item\":\"https:\\\/\\\/dvelas.com\\\/es\\\/\"},{\"@type\":\"ListItem\",\"position\":2,\"name\":\"DVELAS joins Habitat Fair in Valencia\"}]},{\"@type\":\"WebSite\",\"@id\":\"https:\\\/\\\/dvelas.com\\\/#website\",\"url\":\"https:\\\/\\\/dvelas.com\\\/\",\"name\":\"DVELAS\",\"description\":\"Muebles de exterior y velas de sombra para uso dom\u00e9stico y comercial. Dise\u00f1os para un mundo sostenible. Compromiso de econom\u00eda circular.\",\"publisher\":{\"@id\":\"https:\\\/\\\/dvelas.com\\\/#organization\"},\"potentialAction\":[{\"@type\":\"SearchAction\",\"target\":{\"@type\":\"EntryPoint\",\"urlTemplate\":\"https:\\\/\\\/dvelas.com\\\/?s={search_term_string}\"},\"query-input\":{\"@type\":\"PropertyValueSpecification\",\"valueRequired\":true,\"valueName\":\"search_term_string\"}}],\"inLanguage\":\"es\"},{\"@type\":\"Organization\",\"@id\":\"https:\\\/\\\/dvelas.com\\\/#organization\",\"name\":\"Dvelas Sustainable Design\",\"url\":\"https:\\\/\\\/dvelas.com\\\/\",\"logo\":{\"@type\":\"ImageObject\",\"inLanguage\":\"es\",\"@id\":\"https:\\\/\\\/dvelas.com\\\/#\\\/schema\\\/logo\\\/image\\\/\",\"url\":\"https:\\\/\\\/dvelas.com\\\/wp-content\\\/uploads\\\/2020\\\/05\\\/design-outdoor-furniture-310.png\",\"contentUrl\":\"https:\\\/\\\/dvelas.com\\\/wp-content\\\/uploads\\\/2020\\\/05\\\/design-outdoor-furniture-310.png\",\"width\":310,\"height\":130,\"caption\":\"Dvelas Sustainable Design\"},\"image\":{\"@id\":\"https:\\\/\\\/dvelas.com\\\/#\\\/schema\\\/logo\\\/image\\\/\"},\"sameAs\":[\"https:\\\/\\\/www.facebook.com\\\/dvelasdesign\\\/\",\"https:\\\/\\\/x.com\\\/dvelasdesign\",\"https:\\\/\\\/www.instagram.com\\\/dvelas\\\/\",\"https:\\\/\\\/www.linkedin.com\\\/company\\\/dvelas\\\/\",\"https:\\\/\\\/www.pinterest.com\\\/dvelasdesign\\\/\",\"https:\\\/\\\/www.youtube.com\\\/c\\\/DvelasDesign\\\/featured\"]},{\"@type\":\"Person\",\"@id\":\"https:\\\/\\\/dvelas.com\\\/#\\\/schema\\\/person\\\/205c33bc21c7547f34834a571c8eba95\",\"name\":\"Arraitz\",\"image\":{\"@type\":\"ImageObject\",\"inLanguage\":\"es\",\"@id\":\"https:\\\/\\\/secure.gravatar.com\\\/avatar\\\/d2ff9924277ef0d930a82b64ad01a85067ac5447a985562f0f82e06e5d660066?s=96&d=mm&r=g\",\"url\":\"https:\\\/\\\/secure.gravatar.com\\\/avatar\\\/d2ff9924277ef0d930a82b64ad01a85067ac5447a985562f0f82e06e5d660066?s=96&d=mm&r=g\",\"contentUrl\":\"https:\\\/\\\/secure.gravatar.com\\\/avatar\\\/d2ff9924277ef0d930a82b64ad01a85067ac5447a985562f0f82e06e5d660066?s=96&d=mm&r=g\",\"caption\":\"Arraitz\"},\"url\":\"https:\\\/\\\/dvelas.com\\\/es\\\/author\\\/arraitz\\\/\"}]}<\/script>\n<!-- \/ Yoast SEO plugin. -->","yoast_head_json":{"title":"DVELAS joins Habitat Fair in Valencia - DVELAS","robots":{"index":"index","follow":"follow","max-snippet":"max-snippet:-1","max-image-preview":"max-image-preview:large","max-video-preview":"max-video-preview:-1"},"canonical":"https:\/\/dvelas.com\/es\/dvelas-joins-habitat-fair-in-valencia\/","og_locale":"es_ES","og_type":"article","og_title":"DVELAS joins Habitat Fair in Valencia - DVELAS","og_url":"https:\/\/dvelas.com\/es\/dvelas-joins-habitat-fair-in-valencia\/","og_site_name":"DVELAS","article_publisher":"https:\/\/www.facebook.com\/dvelasdesign\/","article_published_time":"2020-12-05T19:44:36+00:00","article_modified_time":"2020-12-05T20:20:13+00:00","og_image":[{"width":800,"height":800,"url":"https:\/\/dvelas.com\/wp-content\/uploads\/2019\/09\/habitat-contemporaneo-dvelas-valencia.jpg","type":"image\/jpeg"}],"author":"Arraitz","twitter_card":"summary_large_image","twitter_creator":"@dvelasdesign","twitter_site":"@dvelasdesign","twitter_misc":{"Escrito por":"Arraitz","Tiempo de lectura":"3 minutos"},"schema":{"@context":"https:\/\/schema.org","@graph":[{"@type":"Article","@id":"https:\/\/dvelas.com\/es\/dvelas-joins-habitat-fair-in-valencia\/#article","isPartOf":{"@id":"https:\/\/dvelas.com\/es\/dvelas-joins-habitat-fair-in-valencia\/"},"author":{"name":"Arraitz","@id":"https:\/\/dvelas.com\/#\/schema\/person\/205c33bc21c7547f34834a571c8eba95"},"headline":"DVELAS joins Habitat Fair in Valencia","datePublished":"2020-12-05T19:44:36+00:00","dateModified":"2020-12-05T20:20:13+00:00","mainEntityOfPage":{"@id":"https:\/\/dvelas.com\/es\/dvelas-joins-habitat-fair-in-valencia\/"},"wordCount":525,"commentCount":0,"publisher":{"@id":"https:\/\/dvelas.com\/#organization"},"image":{"@id":"https:\/\/dvelas.com\/es\/dvelas-joins-habitat-fair-in-valencia\/#primaryimage"},"thumbnailUrl":"https:\/\/dvelas.com\/wp-content\/uploads\/2019\/09\/habitat-contemporaneo-dvelas-valencia.jpg","articleSection":["Event"],"inLanguage":"es","potentialAction":[{"@type":"CommentAction","name":"Comment","target":["https:\/\/dvelas.com\/es\/dvelas-joins-habitat-fair-in-valencia\/#respond"]}]},{"@type":"WebPage","@id":"https:\/\/dvelas.com\/es\/dvelas-joins-habitat-fair-in-valencia\/","url":"https:\/\/dvelas.com\/es\/dvelas-joins-habitat-fair-in-valencia\/","name":"DVELAS joins Habitat Fair in Valencia - DVELAS","isPartOf":{"@id":"https:\/\/dvelas.com\/#website"},"primaryImageOfPage":{"@id":"https:\/\/dvelas.com\/es\/dvelas-joins-habitat-fair-in-valencia\/#primaryimage"},"image":{"@id":"https:\/\/dvelas.com\/es\/dvelas-joins-habitat-fair-in-valencia\/#primaryimage"},"thumbnailUrl":"https:\/\/dvelas.com\/wp-content\/uploads\/2019\/09\/habitat-contemporaneo-dvelas-valencia.jpg","datePublished":"2020-12-05T19:44:36+00:00","dateModified":"2020-12-05T20:20:13+00:00","breadcrumb":{"@id":"https:\/\/dvelas.com\/es\/dvelas-joins-habitat-fair-in-valencia\/#breadcrumb"},"inLanguage":"es","potentialAction":[{"@type":"ReadAction","target":["https:\/\/dvelas.com\/es\/dvelas-joins-habitat-fair-in-valencia\/"]}]},{"@type":"ImageObject","inLanguage":"es","@id":"https:\/\/dvelas.com\/es\/dvelas-joins-habitat-fair-in-valencia\/#primaryimage","url":"https:\/\/dvelas.com\/wp-content\/uploads\/2019\/09\/habitat-contemporaneo-dvelas-valencia.jpg","contentUrl":"https:\/\/dvelas.com\/wp-content\/uploads\/2019\/09\/habitat-contemporaneo-dvelas-valencia.jpg","width":800,"height":800},{"@type":"BreadcrumbList","@id":"https:\/\/dvelas.com\/es\/dvelas-joins-habitat-fair-in-valencia\/#breadcrumb","itemListElement":[{"@type":"ListItem","position":1,"name":"Home","item":"https:\/\/dvelas.com\/es\/"},{"@type":"ListItem","position":2,"name":"DVELAS joins Habitat Fair in Valencia"}]},{"@type":"WebSite","@id":"https:\/\/dvelas.com\/#website","url":"https:\/\/dvelas.com\/","name":"DVELAS","description":"Muebles de exterior y velas de sombra para uso dom\u00e9stico y comercial. Dise\u00f1os para un mundo sostenible. Compromiso de econom\u00eda circular.","publisher":{"@id":"https:\/\/dvelas.com\/#organization"},"potentialAction":[{"@type":"SearchAction","target":{"@type":"EntryPoint","urlTemplate":"https:\/\/dvelas.com\/?s={search_term_string}"},"query-input":{"@type":"PropertyValueSpecification","valueRequired":true,"valueName":"search_term_string"}}],"inLanguage":"es"},{"@type":"Organization","@id":"https:\/\/dvelas.com\/#organization","name":"Dvelas Sustainable Design","url":"https:\/\/dvelas.com\/","logo":{"@type":"ImageObject","inLanguage":"es","@id":"https:\/\/dvelas.com\/#\/schema\/logo\/image\/","url":"https:\/\/dvelas.com\/wp-content\/uploads\/2020\/05\/design-outdoor-furniture-310.png","contentUrl":"https:\/\/dvelas.com\/wp-content\/uploads\/2020\/05\/design-outdoor-furniture-310.png","width":310,"height":130,"caption":"Dvelas Sustainable Design"},"image":{"@id":"https:\/\/dvelas.com\/#\/schema\/logo\/image\/"},"sameAs":["https:\/\/www.facebook.com\/dvelasdesign\/","https:\/\/x.com\/dvelasdesign","https:\/\/www.instagram.com\/dvelas\/","https:\/\/www.linkedin.com\/company\/dvelas\/","https:\/\/www.pinterest.com\/dvelasdesign\/","https:\/\/www.youtube.com\/c\/DvelasDesign\/featured"]},{"@type":"Person","@id":"https:\/\/dvelas.com\/#\/schema\/person\/205c33bc21c7547f34834a571c8eba95","name":"Arraitz","image":{"@type":"ImageObject","inLanguage":"es","@id":"https:\/\/secure.gravatar.com\/avatar\/d2ff9924277ef0d930a82b64ad01a85067ac5447a985562f0f82e06e5d660066?s=96&d=mm&r=g","url":"https:\/\/secure.gravatar.com\/avatar\/d2ff9924277ef0d930a82b64ad01a85067ac5447a985562f0f82e06e5d660066?s=96&d=mm&r=g","contentUrl":"https:\/\/secure.gravatar.com\/avatar\/d2ff9924277ef0d930a82b64ad01a85067ac5447a985562f0f82e06e5d660066?s=96&d=mm&r=g","caption":"Arraitz"},"url":"https:\/\/dvelas.com\/es\/author\/arraitz\/"}]}},"uagb_featured_image_src":{"full":["https:\/\/dvelas.com\/wp-content\/uploads\/2019\/09\/habitat-contemporaneo-dvelas-valencia.jpg",800,800,false],"thumbnail":["https:\/\/dvelas.com\/wp-content\/uploads\/2019\/09\/habitat-contemporaneo-dvelas-valencia.jpg",150,150,false],"medium":["https:\/\/dvelas.com\/wp-content\/uploads\/2019\/09\/habitat-contemporaneo-dvelas-valencia.jpg",300,300,false],"medium_large":["https:\/\/dvelas.com\/wp-content\/uploads\/2019\/09\/habitat-contemporaneo-dvelas-valencia.jpg",768,768,false],"large":["https:\/\/dvelas.com\/wp-content\/uploads\/2019\/09\/habitat-contemporaneo-dvelas-valencia.jpg",800,800,false],"1536x1536":["https:\/\/dvelas.com\/wp-content\/uploads\/2019\/09\/habitat-contemporaneo-dvelas-valencia.jpg",800,800,false],"2048x2048":["https:\/\/dvelas.com\/wp-content\/uploads\/2019\/09\/habitat-contemporaneo-dvelas-valencia.jpg",800,800,false],"blog-large":["https:\/\/dvelas.com\/wp-content\/uploads\/2019\/09\/habitat-contemporaneo-dvelas-valencia.jpg",272,272,false],"blog-medium":["https:\/\/dvelas.com\/wp-content\/uploads\/2019\/09\/habitat-contemporaneo-dvelas-valencia.jpg",202,202,false],"recent-posts":["https:\/\/dvelas.com\/wp-content\/uploads\/2019\/09\/habitat-contemporaneo-dvelas-valencia.jpg",441,441,false],"recent-works-thumbnail":["https:\/\/dvelas.com\/wp-content\/uploads\/2019\/09\/habitat-contemporaneo-dvelas-valencia.jpg",66,66,false],"fusion-200":["https:\/\/dvelas.com\/wp-content\/uploads\/2019\/09\/habitat-contemporaneo-dvelas-valencia.jpg",200,200,false],"fusion-400":["https:\/\/dvelas.com\/wp-content\/uploads\/2019\/09\/habitat-contemporaneo-dvelas-valencia.jpg",400,400,false],"fusion-600":["https:\/\/dvelas.com\/wp-content\/uploads\/2019\/09\/habitat-contemporaneo-dvelas-valencia.jpg",600,600,false],"fusion-800":["https:\/\/dvelas.com\/wp-content\/uploads\/2019\/09\/habitat-contemporaneo-dvelas-valencia.jpg",800,800,false],"fusion-1200":["https:\/\/dvelas.com\/wp-content\/uploads\/2019\/09\/habitat-contemporaneo-dvelas-valencia.jpg",800,800,false],"portfolio-full":["https:\/\/dvelas.com\/wp-content\/uploads\/2019\/09\/habitat-contemporaneo-dvelas-valencia.jpg",400,400,false],"portfolio-one":["https:\/\/dvelas.com\/wp-content\/uploads\/2019\/09\/habitat-contemporaneo-dvelas-valencia.jpg",272,272,false],"portfolio-two":["https:\/\/dvelas.com\/wp-content\/uploads\/2019\/09\/habitat-contemporaneo-dvelas-valencia.jpg",295,295,false],"portfolio-three":["https:\/\/dvelas.com\/wp-content\/uploads\/2019\/09\/habitat-contemporaneo-dvelas-valencia.jpg",214,214,false],"portfolio-five":["https:\/\/dvelas.com\/wp-content\/uploads\/2019\/09\/habitat-contemporaneo-dvelas-valencia.jpg",142,142,false]},"uagb_author_info":{"display_name":"Arraitz","author_link":"https:\/\/dvelas.com\/es\/author\/arraitz\/"},"uagb_comment_info":0,"uagb_excerpt":null,"_links":{"self":[{"href":"https:\/\/dvelas.com\/es\/wp-json\/wp\/v2\/posts\/7244","targetHints":{"allow":["GET"]}}],"collection":[{"href":"https:\/\/dvelas.com\/es\/wp-json\/wp\/v2\/posts"}],"about":[{"href":"https:\/\/dvelas.com\/es\/wp-json\/wp\/v2\/types\/post"}],"author":[{"embeddable":true,"href":"https:\/\/dvelas.com\/es\/wp-json\/wp\/v2\/users\/2"}],"replies":[{"embeddable":true,"href":"https:\/\/dvelas.com\/es\/wp-json\/wp\/v2\/comments?post=7244"}],"version-history":[{"count":2,"href":"https:\/\/dvelas.com\/es\/wp-json\/wp\/v2\/posts\/7244\/revisions"}],"predecessor-version":[{"id":7278,"href":"https:\/\/dvelas.com\/es\/wp-json\/wp\/v2\/posts\/7244\/revisions\/7278"}],"wp:featuredmedia":[{"embeddable":true,"href":"https:\/\/dvelas.com\/es\/wp-json\/wp\/v2\/media\/6358"}],"wp:attachment":[{"href":"https:\/\/dvelas.com\/es\/wp-json\/wp\/v2\/media?parent=7244"}],"wp:term":[{"taxonomy":"category","embeddable":true,"href":"https:\/\/dvelas.com\/es\/wp-json\/wp\/v2\/categories?post=7244"},{"taxonomy":"post_tag","embeddable":true,"href":"https:\/\/dvelas.com\/es\/wp-json\/wp\/v2\/tags?post=7244"}],"curies":[{"name":"wp","href":"https:\/\/api.w.org\/{rel}","templated":true}]}}