{"id":7250,"date":"2020-12-05T19:46:05","date_gmt":"2020-12-05T19:46:05","guid":{"rendered":"https:\/\/dvelas.com\/customized-stools-in-peck-milano\/"},"modified":"2023-08-22T10:50:20","modified_gmt":"2023-08-22T10:50:20","slug":"customized-stools-in-peck-milano","status":"publish","type":"post","link":"https:\/\/dvelas.com\/es\/customized-stools-in-peck-milano\/","title":{"rendered":"Customized stools in PECK Milano"},"content":{"rendered":"<p><span class=\"s1\"><a href=\"https:\/\/www.vudafierisaverino.it\/projects\/interior\/peck-city-life\"><strong><em>Vudafieri-Saverino Partners<\/em><\/strong><\/a>\u2018\u00a0project in Peck city life pavilion in Milano has used DVELAS customized stools dyed in black.<\/span><\/p>\n<p class=\"p1\"><span class=\"s1\">DVELAS also offers the possibility of customizing all its products with the brand or logo you want printed on the fabric, or engraved on the surface of the wood.\u00a0<\/span><\/p>\n<p><img fetchpriority=\"high\" decoding=\"async\" class=\"alignnone size-full wp-image-4989\" src=\"http:\/\/dvelas.com\/wp-content\/uploads\/2020\/06\/peck-city-life-shopping-district-2.jpg\" alt=\"\" width=\"700\" height=\"857\" srcset=\"https:\/\/dvelas.com\/wp-content\/uploads\/2020\/06\/peck-city-life-shopping-district-2-200x245.jpg 200w, https:\/\/dvelas.com\/wp-content\/uploads\/2020\/06\/peck-city-life-shopping-district-2-245x300.jpg 245w, https:\/\/dvelas.com\/wp-content\/uploads\/2020\/06\/peck-city-life-shopping-district-2-400x490.jpg 400w, https:\/\/dvelas.com\/wp-content\/uploads\/2020\/06\/peck-city-life-shopping-district-2-500x612.jpg 500w, https:\/\/dvelas.com\/wp-content\/uploads\/2020\/06\/peck-city-life-shopping-district-2-600x735.jpg 600w, https:\/\/dvelas.com\/wp-content\/uploads\/2020\/06\/peck-city-life-shopping-district-2.jpg 700w\" sizes=\"(max-width: 700px) 100vw, 700px\" \/><\/p>\n<p>Customized <a href=\"https:\/\/www.dvelas.com\/product\/3rd-ris-counter-stool\/\">3nd RIS stool<\/a>. Dyed black plywood structure and Abu Dhabi\u2019s upcycled sail.<\/p>\n<p><img decoding=\"async\" class=\"alignnone size-full wp-image-4990\" src=\"http:\/\/dvelas.com\/wp-content\/uploads\/2020\/06\/peck-city-life-shopping-district-3.jpg\" alt=\"\" width=\"700\" height=\"857\" srcset=\"https:\/\/dvelas.com\/wp-content\/uploads\/2020\/06\/peck-city-life-shopping-district-3-200x245.jpg 200w, https:\/\/dvelas.com\/wp-content\/uploads\/2020\/06\/peck-city-life-shopping-district-3-245x300.jpg 245w, https:\/\/dvelas.com\/wp-content\/uploads\/2020\/06\/peck-city-life-shopping-district-3-400x490.jpg 400w, https:\/\/dvelas.com\/wp-content\/uploads\/2020\/06\/peck-city-life-shopping-district-3-500x612.jpg 500w, https:\/\/dvelas.com\/wp-content\/uploads\/2020\/06\/peck-city-life-shopping-district-3-600x735.jpg 600w, https:\/\/dvelas.com\/wp-content\/uploads\/2020\/06\/peck-city-life-shopping-district-3.jpg 700w\" sizes=\"(max-width: 700px) 100vw, 700px\" \/><\/p>\n<p>Customized <a href=\"https:\/\/www.dvelas.com\/product\/3rd-ris-counter-stool\/\">3nd RIS stool<\/a>. Dyed black plywood structure and Abu Dhabi\u2019s upcycled sail.<\/p>\n<p><img decoding=\"async\" class=\"alignnone size-full wp-image-4992\" src=\"http:\/\/dvelas.com\/wp-content\/uploads\/2020\/06\/peck-city-life-shopping-district-1.jpg\" alt=\"\" width=\"700\" height=\"857\" srcset=\"https:\/\/dvelas.com\/wp-content\/uploads\/2020\/06\/peck-city-life-shopping-district-1-200x245.jpg 200w, https:\/\/dvelas.com\/wp-content\/uploads\/2020\/06\/peck-city-life-shopping-district-1-245x300.jpg 245w, https:\/\/dvelas.com\/wp-content\/uploads\/2020\/06\/peck-city-life-shopping-district-1-400x490.jpg 400w, https:\/\/dvelas.com\/wp-content\/uploads\/2020\/06\/peck-city-life-shopping-district-1-500x612.jpg 500w, https:\/\/dvelas.com\/wp-content\/uploads\/2020\/06\/peck-city-life-shopping-district-1-600x735.jpg 600w, https:\/\/dvelas.com\/wp-content\/uploads\/2020\/06\/peck-city-life-shopping-district-1.jpg 700w\" sizes=\"(max-width: 700px) 100vw, 700px\" \/><\/p>\n<p>Customized <a href=\"https:\/\/www.dvelas.com\/product\/ris-folding-stool\/\">RIS stool<\/a>. Dyed black plywood structure and Abu Dhabi\u2019s upcycled sail.<\/p>\n","protected":false},"excerpt":{"rendered":"<p>Vudafieri-Saverino Partners\u2018\u00a0project in Peck city life pavilion in Milano has used DVELAS customized stools dyed in black. DVELAS also offers the possibility of customizing all its products with the brand or logo you want printed on the fabric, or engraved on the surface of the wood.\u00a0 Customized 3nd RIS stool. Dyed black plywood structure and [&hellip;]<\/p>\n","protected":false},"author":2,"featured_media":6323,"comment_status":"open","ping_status":"open","sticky":false,"template":"","format":"standard","meta":{"content-type":"","_uag_custom_page_level_css":"","footnotes":""},"categories":[142],"tags":[],"class_list":["post-7250","post","type-post","status-publish","format-standard","has-post-thumbnail","hentry","category-outdoor-furniture-es"],"yoast_head":"<!-- This site is optimized with the Yoast SEO plugin v27.5 - https:\/\/yoast.com\/product\/yoast-seo-wordpress\/ -->\n<title>Customized stools in PECK Milano - DVELAS<\/title>\n<meta name=\"robots\" content=\"index, follow, max-snippet:-1, max-image-preview:large, max-video-preview:-1\" \/>\n<link rel=\"canonical\" href=\"https:\/\/dvelas.com\/es\/customized-stools-in-peck-milano\/\" \/>\n<meta property=\"og:locale\" content=\"es_ES\" \/>\n<meta property=\"og:type\" content=\"article\" \/>\n<meta property=\"og:title\" content=\"Customized stools in PECK Milano - DVELAS\" \/>\n<meta property=\"og:description\" content=\"Vudafieri-Saverino Partners\u2018\u00a0project in Peck city life pavilion in Milano has used DVELAS customized stools dyed in black. DVELAS also offers the possibility of customizing all its products with the brand or logo you want printed on the fabric, or engraved on the surface of the wood.\u00a0 Customized 3nd RIS stool. Dyed black plywood structure and [&hellip;]\" \/>\n<meta property=\"og:url\" content=\"https:\/\/dvelas.com\/es\/customized-stools-in-peck-milano\/\" \/>\n<meta property=\"og:site_name\" content=\"DVELAS\" \/>\n<meta property=\"article:publisher\" content=\"https:\/\/www.facebook.com\/dvelasdesign\/\" \/>\n<meta property=\"article:published_time\" content=\"2020-12-05T19:46:05+00:00\" \/>\n<meta property=\"article:modified_time\" content=\"2023-08-22T10:50:20+00:00\" \/>\n<meta property=\"og:image\" content=\"https:\/\/dvelas.com\/wp-content\/uploads\/2019\/03\/personalized-furniture-dvelas.jpg\" \/>\n\t<meta property=\"og:image:width\" content=\"800\" \/>\n\t<meta property=\"og:image:height\" content=\"800\" \/>\n\t<meta property=\"og:image:type\" content=\"image\/jpeg\" \/>\n<meta name=\"author\" content=\"Arraitz\" \/>\n<meta name=\"twitter:card\" content=\"summary_large_image\" \/>\n<meta name=\"twitter:creator\" content=\"@dvelasdesign\" \/>\n<meta name=\"twitter:site\" content=\"@dvelasdesign\" \/>\n<meta name=\"twitter:label1\" content=\"Escrito por\" \/>\n\t<meta name=\"twitter:data1\" content=\"Arraitz\" \/>\n<script type=\"application\/ld+json\" class=\"yoast-schema-graph\">{\"@context\":\"https:\\\/\\\/schema.org\",\"@graph\":[{\"@type\":\"Article\",\"@id\":\"https:\\\/\\\/dvelas.com\\\/es\\\/customized-stools-in-peck-milano\\\/#article\",\"isPartOf\":{\"@id\":\"https:\\\/\\\/dvelas.com\\\/es\\\/customized-stools-in-peck-milano\\\/\"},\"author\":{\"name\":\"Arraitz\",\"@id\":\"https:\\\/\\\/dvelas.com\\\/#\\\/schema\\\/person\\\/205c33bc21c7547f34834a571c8eba95\"},\"headline\":\"Customized stools in PECK Milano\",\"datePublished\":\"2020-12-05T19:46:05+00:00\",\"dateModified\":\"2023-08-22T10:50:20+00:00\",\"mainEntityOfPage\":{\"@id\":\"https:\\\/\\\/dvelas.com\\\/es\\\/customized-stools-in-peck-milano\\\/\"},\"wordCount\":93,\"commentCount\":0,\"publisher\":{\"@id\":\"https:\\\/\\\/dvelas.com\\\/#organization\"},\"image\":{\"@id\":\"https:\\\/\\\/dvelas.com\\\/es\\\/customized-stools-in-peck-milano\\\/#primaryimage\"},\"thumbnailUrl\":\"https:\\\/\\\/dvelas.com\\\/wp-content\\\/uploads\\\/2019\\\/03\\\/personalized-furniture-dvelas.jpg\",\"articleSection\":[\"Outdoor Furniture\"],\"inLanguage\":\"es\",\"potentialAction\":[{\"@type\":\"CommentAction\",\"name\":\"Comment\",\"target\":[\"https:\\\/\\\/dvelas.com\\\/es\\\/customized-stools-in-peck-milano\\\/#respond\"]}]},{\"@type\":\"WebPage\",\"@id\":\"https:\\\/\\\/dvelas.com\\\/es\\\/customized-stools-in-peck-milano\\\/\",\"url\":\"https:\\\/\\\/dvelas.com\\\/es\\\/customized-stools-in-peck-milano\\\/\",\"name\":\"Customized stools in PECK Milano - DVELAS\",\"isPartOf\":{\"@id\":\"https:\\\/\\\/dvelas.com\\\/#website\"},\"primaryImageOfPage\":{\"@id\":\"https:\\\/\\\/dvelas.com\\\/es\\\/customized-stools-in-peck-milano\\\/#primaryimage\"},\"image\":{\"@id\":\"https:\\\/\\\/dvelas.com\\\/es\\\/customized-stools-in-peck-milano\\\/#primaryimage\"},\"thumbnailUrl\":\"https:\\\/\\\/dvelas.com\\\/wp-content\\\/uploads\\\/2019\\\/03\\\/personalized-furniture-dvelas.jpg\",\"datePublished\":\"2020-12-05T19:46:05+00:00\",\"dateModified\":\"2023-08-22T10:50:20+00:00\",\"breadcrumb\":{\"@id\":\"https:\\\/\\\/dvelas.com\\\/es\\\/customized-stools-in-peck-milano\\\/#breadcrumb\"},\"inLanguage\":\"es\",\"potentialAction\":[{\"@type\":\"ReadAction\",\"target\":[\"https:\\\/\\\/dvelas.com\\\/es\\\/customized-stools-in-peck-milano\\\/\"]}]},{\"@type\":\"ImageObject\",\"inLanguage\":\"es\",\"@id\":\"https:\\\/\\\/dvelas.com\\\/es\\\/customized-stools-in-peck-milano\\\/#primaryimage\",\"url\":\"https:\\\/\\\/dvelas.com\\\/wp-content\\\/uploads\\\/2019\\\/03\\\/personalized-furniture-dvelas.jpg\",\"contentUrl\":\"https:\\\/\\\/dvelas.com\\\/wp-content\\\/uploads\\\/2019\\\/03\\\/personalized-furniture-dvelas.jpg\",\"width\":800,\"height\":800},{\"@type\":\"BreadcrumbList\",\"@id\":\"https:\\\/\\\/dvelas.com\\\/es\\\/customized-stools-in-peck-milano\\\/#breadcrumb\",\"itemListElement\":[{\"@type\":\"ListItem\",\"position\":1,\"name\":\"Home\",\"item\":\"https:\\\/\\\/dvelas.com\\\/es\\\/\"},{\"@type\":\"ListItem\",\"position\":2,\"name\":\"Customized stools in PECK Milano\"}]},{\"@type\":\"WebSite\",\"@id\":\"https:\\\/\\\/dvelas.com\\\/#website\",\"url\":\"https:\\\/\\\/dvelas.com\\\/\",\"name\":\"DVELAS\",\"description\":\"Muebles de exterior y velas de sombra para uso dom\u00e9stico y comercial. Dise\u00f1os para un mundo sostenible. Compromiso de econom\u00eda circular.\",\"publisher\":{\"@id\":\"https:\\\/\\\/dvelas.com\\\/#organization\"},\"potentialAction\":[{\"@type\":\"SearchAction\",\"target\":{\"@type\":\"EntryPoint\",\"urlTemplate\":\"https:\\\/\\\/dvelas.com\\\/?s={search_term_string}\"},\"query-input\":{\"@type\":\"PropertyValueSpecification\",\"valueRequired\":true,\"valueName\":\"search_term_string\"}}],\"inLanguage\":\"es\"},{\"@type\":\"Organization\",\"@id\":\"https:\\\/\\\/dvelas.com\\\/#organization\",\"name\":\"Dvelas Sustainable Design\",\"url\":\"https:\\\/\\\/dvelas.com\\\/\",\"logo\":{\"@type\":\"ImageObject\",\"inLanguage\":\"es\",\"@id\":\"https:\\\/\\\/dvelas.com\\\/#\\\/schema\\\/logo\\\/image\\\/\",\"url\":\"https:\\\/\\\/dvelas.com\\\/wp-content\\\/uploads\\\/2020\\\/05\\\/design-outdoor-furniture-310.png\",\"contentUrl\":\"https:\\\/\\\/dvelas.com\\\/wp-content\\\/uploads\\\/2020\\\/05\\\/design-outdoor-furniture-310.png\",\"width\":310,\"height\":130,\"caption\":\"Dvelas Sustainable Design\"},\"image\":{\"@id\":\"https:\\\/\\\/dvelas.com\\\/#\\\/schema\\\/logo\\\/image\\\/\"},\"sameAs\":[\"https:\\\/\\\/www.facebook.com\\\/dvelasdesign\\\/\",\"https:\\\/\\\/x.com\\\/dvelasdesign\",\"https:\\\/\\\/www.instagram.com\\\/dvelas\\\/\",\"https:\\\/\\\/www.linkedin.com\\\/company\\\/dvelas\\\/\",\"https:\\\/\\\/www.pinterest.com\\\/dvelasdesign\\\/\",\"https:\\\/\\\/www.youtube.com\\\/c\\\/DvelasDesign\\\/featured\"]},{\"@type\":\"Person\",\"@id\":\"https:\\\/\\\/dvelas.com\\\/#\\\/schema\\\/person\\\/205c33bc21c7547f34834a571c8eba95\",\"name\":\"Arraitz\",\"image\":{\"@type\":\"ImageObject\",\"inLanguage\":\"es\",\"@id\":\"https:\\\/\\\/secure.gravatar.com\\\/avatar\\\/d2ff9924277ef0d930a82b64ad01a85067ac5447a985562f0f82e06e5d660066?s=96&d=mm&r=g\",\"url\":\"https:\\\/\\\/secure.gravatar.com\\\/avatar\\\/d2ff9924277ef0d930a82b64ad01a85067ac5447a985562f0f82e06e5d660066?s=96&d=mm&r=g\",\"contentUrl\":\"https:\\\/\\\/secure.gravatar.com\\\/avatar\\\/d2ff9924277ef0d930a82b64ad01a85067ac5447a985562f0f82e06e5d660066?s=96&d=mm&r=g\",\"caption\":\"Arraitz\"},\"url\":\"https:\\\/\\\/dvelas.com\\\/es\\\/author\\\/arraitz\\\/\"}]}<\/script>\n<!-- \/ Yoast SEO plugin. -->","yoast_head_json":{"title":"Customized stools in PECK Milano - DVELAS","robots":{"index":"index","follow":"follow","max-snippet":"max-snippet:-1","max-image-preview":"max-image-preview:large","max-video-preview":"max-video-preview:-1"},"canonical":"https:\/\/dvelas.com\/es\/customized-stools-in-peck-milano\/","og_locale":"es_ES","og_type":"article","og_title":"Customized stools in PECK Milano - DVELAS","og_description":"Vudafieri-Saverino Partners\u2018\u00a0project in Peck city life pavilion in Milano has used DVELAS customized stools dyed in black. DVELAS also offers the possibility of customizing all its products with the brand or logo you want printed on the fabric, or engraved on the surface of the wood.\u00a0 Customized 3nd RIS stool. Dyed black plywood structure and [&hellip;]","og_url":"https:\/\/dvelas.com\/es\/customized-stools-in-peck-milano\/","og_site_name":"DVELAS","article_publisher":"https:\/\/www.facebook.com\/dvelasdesign\/","article_published_time":"2020-12-05T19:46:05+00:00","article_modified_time":"2023-08-22T10:50:20+00:00","og_image":[{"width":800,"height":800,"url":"https:\/\/dvelas.com\/wp-content\/uploads\/2019\/03\/personalized-furniture-dvelas.jpg","type":"image\/jpeg"}],"author":"Arraitz","twitter_card":"summary_large_image","twitter_creator":"@dvelasdesign","twitter_site":"@dvelasdesign","twitter_misc":{"Escrito por":"Arraitz"},"schema":{"@context":"https:\/\/schema.org","@graph":[{"@type":"Article","@id":"https:\/\/dvelas.com\/es\/customized-stools-in-peck-milano\/#article","isPartOf":{"@id":"https:\/\/dvelas.com\/es\/customized-stools-in-peck-milano\/"},"author":{"name":"Arraitz","@id":"https:\/\/dvelas.com\/#\/schema\/person\/205c33bc21c7547f34834a571c8eba95"},"headline":"Customized stools in PECK Milano","datePublished":"2020-12-05T19:46:05+00:00","dateModified":"2023-08-22T10:50:20+00:00","mainEntityOfPage":{"@id":"https:\/\/dvelas.com\/es\/customized-stools-in-peck-milano\/"},"wordCount":93,"commentCount":0,"publisher":{"@id":"https:\/\/dvelas.com\/#organization"},"image":{"@id":"https:\/\/dvelas.com\/es\/customized-stools-in-peck-milano\/#primaryimage"},"thumbnailUrl":"https:\/\/dvelas.com\/wp-content\/uploads\/2019\/03\/personalized-furniture-dvelas.jpg","articleSection":["Outdoor Furniture"],"inLanguage":"es","potentialAction":[{"@type":"CommentAction","name":"Comment","target":["https:\/\/dvelas.com\/es\/customized-stools-in-peck-milano\/#respond"]}]},{"@type":"WebPage","@id":"https:\/\/dvelas.com\/es\/customized-stools-in-peck-milano\/","url":"https:\/\/dvelas.com\/es\/customized-stools-in-peck-milano\/","name":"Customized stools in PECK Milano - DVELAS","isPartOf":{"@id":"https:\/\/dvelas.com\/#website"},"primaryImageOfPage":{"@id":"https:\/\/dvelas.com\/es\/customized-stools-in-peck-milano\/#primaryimage"},"image":{"@id":"https:\/\/dvelas.com\/es\/customized-stools-in-peck-milano\/#primaryimage"},"thumbnailUrl":"https:\/\/dvelas.com\/wp-content\/uploads\/2019\/03\/personalized-furniture-dvelas.jpg","datePublished":"2020-12-05T19:46:05+00:00","dateModified":"2023-08-22T10:50:20+00:00","breadcrumb":{"@id":"https:\/\/dvelas.com\/es\/customized-stools-in-peck-milano\/#breadcrumb"},"inLanguage":"es","potentialAction":[{"@type":"ReadAction","target":["https:\/\/dvelas.com\/es\/customized-stools-in-peck-milano\/"]}]},{"@type":"ImageObject","inLanguage":"es","@id":"https:\/\/dvelas.com\/es\/customized-stools-in-peck-milano\/#primaryimage","url":"https:\/\/dvelas.com\/wp-content\/uploads\/2019\/03\/personalized-furniture-dvelas.jpg","contentUrl":"https:\/\/dvelas.com\/wp-content\/uploads\/2019\/03\/personalized-furniture-dvelas.jpg","width":800,"height":800},{"@type":"BreadcrumbList","@id":"https:\/\/dvelas.com\/es\/customized-stools-in-peck-milano\/#breadcrumb","itemListElement":[{"@type":"ListItem","position":1,"name":"Home","item":"https:\/\/dvelas.com\/es\/"},{"@type":"ListItem","position":2,"name":"Customized stools in PECK Milano"}]},{"@type":"WebSite","@id":"https:\/\/dvelas.com\/#website","url":"https:\/\/dvelas.com\/","name":"DVELAS","description":"Muebles de exterior y velas de sombra para uso dom\u00e9stico y comercial. Dise\u00f1os para un mundo sostenible. Compromiso de econom\u00eda circular.","publisher":{"@id":"https:\/\/dvelas.com\/#organization"},"potentialAction":[{"@type":"SearchAction","target":{"@type":"EntryPoint","urlTemplate":"https:\/\/dvelas.com\/?s={search_term_string}"},"query-input":{"@type":"PropertyValueSpecification","valueRequired":true,"valueName":"search_term_string"}}],"inLanguage":"es"},{"@type":"Organization","@id":"https:\/\/dvelas.com\/#organization","name":"Dvelas Sustainable Design","url":"https:\/\/dvelas.com\/","logo":{"@type":"ImageObject","inLanguage":"es","@id":"https:\/\/dvelas.com\/#\/schema\/logo\/image\/","url":"https:\/\/dvelas.com\/wp-content\/uploads\/2020\/05\/design-outdoor-furniture-310.png","contentUrl":"https:\/\/dvelas.com\/wp-content\/uploads\/2020\/05\/design-outdoor-furniture-310.png","width":310,"height":130,"caption":"Dvelas Sustainable Design"},"image":{"@id":"https:\/\/dvelas.com\/#\/schema\/logo\/image\/"},"sameAs":["https:\/\/www.facebook.com\/dvelasdesign\/","https:\/\/x.com\/dvelasdesign","https:\/\/www.instagram.com\/dvelas\/","https:\/\/www.linkedin.com\/company\/dvelas\/","https:\/\/www.pinterest.com\/dvelasdesign\/","https:\/\/www.youtube.com\/c\/DvelasDesign\/featured"]},{"@type":"Person","@id":"https:\/\/dvelas.com\/#\/schema\/person\/205c33bc21c7547f34834a571c8eba95","name":"Arraitz","image":{"@type":"ImageObject","inLanguage":"es","@id":"https:\/\/secure.gravatar.com\/avatar\/d2ff9924277ef0d930a82b64ad01a85067ac5447a985562f0f82e06e5d660066?s=96&d=mm&r=g","url":"https:\/\/secure.gravatar.com\/avatar\/d2ff9924277ef0d930a82b64ad01a85067ac5447a985562f0f82e06e5d660066?s=96&d=mm&r=g","contentUrl":"https:\/\/secure.gravatar.com\/avatar\/d2ff9924277ef0d930a82b64ad01a85067ac5447a985562f0f82e06e5d660066?s=96&d=mm&r=g","caption":"Arraitz"},"url":"https:\/\/dvelas.com\/es\/author\/arraitz\/"}]}},"uagb_featured_image_src":{"full":["https:\/\/dvelas.com\/wp-content\/uploads\/2019\/03\/personalized-furniture-dvelas.jpg",800,800,false],"thumbnail":["https:\/\/dvelas.com\/wp-content\/uploads\/2019\/03\/personalized-furniture-dvelas.jpg",150,150,false],"medium":["https:\/\/dvelas.com\/wp-content\/uploads\/2019\/03\/personalized-furniture-dvelas.jpg",300,300,false],"medium_large":["https:\/\/dvelas.com\/wp-content\/uploads\/2019\/03\/personalized-furniture-dvelas.jpg",768,768,false],"large":["https:\/\/dvelas.com\/wp-content\/uploads\/2019\/03\/personalized-furniture-dvelas.jpg",800,800,false],"1536x1536":["https:\/\/dvelas.com\/wp-content\/uploads\/2019\/03\/personalized-furniture-dvelas.jpg",800,800,false],"2048x2048":["https:\/\/dvelas.com\/wp-content\/uploads\/2019\/03\/personalized-furniture-dvelas.jpg",800,800,false],"blog-large":["https:\/\/dvelas.com\/wp-content\/uploads\/2019\/03\/personalized-furniture-dvelas.jpg",272,272,false],"blog-medium":["https:\/\/dvelas.com\/wp-content\/uploads\/2019\/03\/personalized-furniture-dvelas.jpg",202,202,false],"recent-posts":["https:\/\/dvelas.com\/wp-content\/uploads\/2019\/03\/personalized-furniture-dvelas.jpg",441,441,false],"recent-works-thumbnail":["https:\/\/dvelas.com\/wp-content\/uploads\/2019\/03\/personalized-furniture-dvelas.jpg",66,66,false],"fusion-200":["https:\/\/dvelas.com\/wp-content\/uploads\/2019\/03\/personalized-furniture-dvelas.jpg",200,200,false],"fusion-400":["https:\/\/dvelas.com\/wp-content\/uploads\/2019\/03\/personalized-furniture-dvelas.jpg",400,400,false],"fusion-600":["https:\/\/dvelas.com\/wp-content\/uploads\/2019\/03\/personalized-furniture-dvelas.jpg",600,600,false],"fusion-800":["https:\/\/dvelas.com\/wp-content\/uploads\/2019\/03\/personalized-furniture-dvelas.jpg",800,800,false],"fusion-1200":["https:\/\/dvelas.com\/wp-content\/uploads\/2019\/03\/personalized-furniture-dvelas.jpg",800,800,false],"portfolio-full":["https:\/\/dvelas.com\/wp-content\/uploads\/2019\/03\/personalized-furniture-dvelas.jpg",400,400,false],"portfolio-one":["https:\/\/dvelas.com\/wp-content\/uploads\/2019\/03\/personalized-furniture-dvelas.jpg",272,272,false],"portfolio-two":["https:\/\/dvelas.com\/wp-content\/uploads\/2019\/03\/personalized-furniture-dvelas.jpg",295,295,false],"portfolio-three":["https:\/\/dvelas.com\/wp-content\/uploads\/2019\/03\/personalized-furniture-dvelas.jpg",214,214,false],"portfolio-five":["https:\/\/dvelas.com\/wp-content\/uploads\/2019\/03\/personalized-furniture-dvelas.jpg",142,142,false]},"uagb_author_info":{"display_name":"Arraitz","author_link":"https:\/\/dvelas.com\/es\/author\/arraitz\/"},"uagb_comment_info":0,"uagb_excerpt":"Vudafieri-Saverino Partners\u2018\u00a0project in Peck city life pavilion in Milano has used DVELAS customized stools dyed in black. DVELAS also offers the possibility of customizing all its products with the brand or logo you want printed on the fabric, or engraved on the surface of the wood.\u00a0 Customized 3nd RIS stool. Dyed black plywood structure and&hellip;","_links":{"self":[{"href":"https:\/\/dvelas.com\/es\/wp-json\/wp\/v2\/posts\/7250","targetHints":{"allow":["GET"]}}],"collection":[{"href":"https:\/\/dvelas.com\/es\/wp-json\/wp\/v2\/posts"}],"about":[{"href":"https:\/\/dvelas.com\/es\/wp-json\/wp\/v2\/types\/post"}],"author":[{"embeddable":true,"href":"https:\/\/dvelas.com\/es\/wp-json\/wp\/v2\/users\/2"}],"replies":[{"embeddable":true,"href":"https:\/\/dvelas.com\/es\/wp-json\/wp\/v2\/comments?post=7250"}],"version-history":[{"count":1,"href":"https:\/\/dvelas.com\/es\/wp-json\/wp\/v2\/posts\/7250\/revisions"}],"predecessor-version":[{"id":7274,"href":"https:\/\/dvelas.com\/es\/wp-json\/wp\/v2\/posts\/7250\/revisions\/7274"}],"wp:featuredmedia":[{"embeddable":true,"href":"https:\/\/dvelas.com\/es\/wp-json\/wp\/v2\/media\/6323"}],"wp:attachment":[{"href":"https:\/\/dvelas.com\/es\/wp-json\/wp\/v2\/media?parent=7250"}],"wp:term":[{"taxonomy":"category","embeddable":true,"href":"https:\/\/dvelas.com\/es\/wp-json\/wp\/v2\/categories?post=7250"},{"taxonomy":"post_tag","embeddable":true,"href":"https:\/\/dvelas.com\/es\/wp-json\/wp\/v2\/tags?post=7250"}],"curies":[{"name":"wp","href":"https:\/\/api.w.org\/{rel}","templated":true}]}}