{"id":7252,"date":"2020-12-05T19:46:48","date_gmt":"2020-12-05T19:46:48","guid":{"rendered":"https:\/\/dvelas.com\/maison-objet-paris-2019\/"},"modified":"2020-12-05T20:07:29","modified_gmt":"2020-12-05T20:07:29","slug":"maison-objet-paris-2019","status":"publish","type":"post","link":"https:\/\/dvelas.com\/es\/maison-objet-paris-2019\/","title":{"rendered":"Maison &#038; Objet Paris 2019"},"content":{"rendered":"<p><a href=\"https:\/\/www.dvelas.com\" target=\"_blank\" rel=\"noopener noreferrer\"><strong>DVELAS<\/strong><\/a> will attend the <a href=\"https:\/\/www.maison-objet.com\/en\" target=\"_blank\" rel=\"noopener noreferrer\"><strong>Maison &amp; Objet<\/strong><\/a> fair for the first time, in which it will present its <a href=\"https:\/\/www.dvelas.com\/dvelas-catalog-2019\/\" target=\"_blank\" rel=\"noopener noreferrer\">collection and the novelties<\/a> for the year 2019.<\/p>\n<p>We will be happy to assist you at :<\/p>\n<p>Hall\u00a0<strong>6 \u2013 Today<\/strong><\/p>\n<p>Stand number :\u00a0<strong>H112 \u2013 I111<\/strong><\/p>\n<p>Date:\u00a0January 18th \u2013 22th, 2019<\/p>\n<p>Contact: dvelas@dvelas.com<\/p>\n","protected":false},"excerpt":{"rendered":"<p>DVELAS will attend the Maison &amp; Objet fair for the first time, in which it will present its collection and the novelties for the year 2019. We will be happy to assist you at : Hall\u00a06 \u2013 Today Stand number :\u00a0H112 \u2013 I111 Date:\u00a0January 18th \u2013 22th, 2019 Contact: dvelas@dvelas.com<\/p>\n","protected":false},"author":2,"featured_media":6330,"comment_status":"open","ping_status":"open","sticky":false,"template":"","format":"standard","meta":{"content-type":"","_uag_custom_page_level_css":"","footnotes":""},"categories":[139],"tags":[],"class_list":["post-7252","post","type-post","status-publish","format-standard","has-post-thumbnail","hentry","category-event-es"],"yoast_head":"<!-- This site is optimized with the Yoast SEO plugin v27.5 - https:\/\/yoast.com\/product\/yoast-seo-wordpress\/ -->\n<title>Maison &amp; Objet Paris 2019 - DVELAS<\/title>\n<meta name=\"robots\" content=\"index, follow, max-snippet:-1, max-image-preview:large, max-video-preview:-1\" \/>\n<link rel=\"canonical\" href=\"https:\/\/dvelas.com\/es\/maison-objet-paris-2019\/\" \/>\n<meta property=\"og:locale\" content=\"es_ES\" \/>\n<meta property=\"og:type\" content=\"article\" \/>\n<meta property=\"og:title\" content=\"Maison &amp; Objet Paris 2019 - DVELAS\" \/>\n<meta property=\"og:description\" content=\"DVELAS will attend the Maison &amp; Objet fair for the first time, in which it will present its collection and the novelties for the year 2019. We will be happy to assist you at : Hall\u00a06 \u2013 Today Stand number :\u00a0H112 \u2013 I111 Date:\u00a0January 18th \u2013 22th, 2019 Contact: dvelas@dvelas.com\" \/>\n<meta property=\"og:url\" content=\"https:\/\/dvelas.com\/es\/maison-objet-paris-2019\/\" \/>\n<meta property=\"og:site_name\" content=\"DVELAS\" \/>\n<meta property=\"article:publisher\" content=\"https:\/\/www.facebook.com\/dvelasdesign\/\" \/>\n<meta property=\"article:published_time\" content=\"2020-12-05T19:46:48+00:00\" \/>\n<meta property=\"article:modified_time\" content=\"2020-12-05T20:07:29+00:00\" \/>\n<meta property=\"og:image\" content=\"https:\/\/dvelas.com\/wp-content\/uploads\/2020\/06\/maison-objet-paris-dvelas.jpg\" \/>\n\t<meta property=\"og:image:width\" content=\"800\" \/>\n\t<meta property=\"og:image:height\" content=\"800\" \/>\n\t<meta property=\"og:image:type\" content=\"image\/jpeg\" \/>\n<meta name=\"author\" content=\"Arraitz\" \/>\n<meta name=\"twitter:card\" content=\"summary_large_image\" \/>\n<meta name=\"twitter:creator\" content=\"@dvelasdesign\" \/>\n<meta name=\"twitter:site\" content=\"@dvelasdesign\" \/>\n<meta name=\"twitter:label1\" content=\"Escrito por\" \/>\n\t<meta name=\"twitter:data1\" content=\"Arraitz\" \/>\n<script type=\"application\/ld+json\" class=\"yoast-schema-graph\">{\"@context\":\"https:\\\/\\\/schema.org\",\"@graph\":[{\"@type\":\"Article\",\"@id\":\"https:\\\/\\\/dvelas.com\\\/es\\\/maison-objet-paris-2019\\\/#article\",\"isPartOf\":{\"@id\":\"https:\\\/\\\/dvelas.com\\\/es\\\/maison-objet-paris-2019\\\/\"},\"author\":{\"name\":\"Arraitz\",\"@id\":\"https:\\\/\\\/dvelas.com\\\/#\\\/schema\\\/person\\\/205c33bc21c7547f34834a571c8eba95\"},\"headline\":\"Maison &#038; Objet Paris 2019\",\"datePublished\":\"2020-12-05T19:46:48+00:00\",\"dateModified\":\"2020-12-05T20:07:29+00:00\",\"mainEntityOfPage\":{\"@id\":\"https:\\\/\\\/dvelas.com\\\/es\\\/maison-objet-paris-2019\\\/\"},\"wordCount\":50,\"commentCount\":0,\"publisher\":{\"@id\":\"https:\\\/\\\/dvelas.com\\\/#organization\"},\"image\":{\"@id\":\"https:\\\/\\\/dvelas.com\\\/es\\\/maison-objet-paris-2019\\\/#primaryimage\"},\"thumbnailUrl\":\"https:\\\/\\\/dvelas.com\\\/wp-content\\\/uploads\\\/2020\\\/06\\\/maison-objet-paris-dvelas.jpg\",\"articleSection\":[\"Event\"],\"inLanguage\":\"es\",\"potentialAction\":[{\"@type\":\"CommentAction\",\"name\":\"Comment\",\"target\":[\"https:\\\/\\\/dvelas.com\\\/es\\\/maison-objet-paris-2019\\\/#respond\"]}]},{\"@type\":\"WebPage\",\"@id\":\"https:\\\/\\\/dvelas.com\\\/es\\\/maison-objet-paris-2019\\\/\",\"url\":\"https:\\\/\\\/dvelas.com\\\/es\\\/maison-objet-paris-2019\\\/\",\"name\":\"Maison & Objet Paris 2019 - DVELAS\",\"isPartOf\":{\"@id\":\"https:\\\/\\\/dvelas.com\\\/#website\"},\"primaryImageOfPage\":{\"@id\":\"https:\\\/\\\/dvelas.com\\\/es\\\/maison-objet-paris-2019\\\/#primaryimage\"},\"image\":{\"@id\":\"https:\\\/\\\/dvelas.com\\\/es\\\/maison-objet-paris-2019\\\/#primaryimage\"},\"thumbnailUrl\":\"https:\\\/\\\/dvelas.com\\\/wp-content\\\/uploads\\\/2020\\\/06\\\/maison-objet-paris-dvelas.jpg\",\"datePublished\":\"2020-12-05T19:46:48+00:00\",\"dateModified\":\"2020-12-05T20:07:29+00:00\",\"breadcrumb\":{\"@id\":\"https:\\\/\\\/dvelas.com\\\/es\\\/maison-objet-paris-2019\\\/#breadcrumb\"},\"inLanguage\":\"es\",\"potentialAction\":[{\"@type\":\"ReadAction\",\"target\":[\"https:\\\/\\\/dvelas.com\\\/es\\\/maison-objet-paris-2019\\\/\"]}]},{\"@type\":\"ImageObject\",\"inLanguage\":\"es\",\"@id\":\"https:\\\/\\\/dvelas.com\\\/es\\\/maison-objet-paris-2019\\\/#primaryimage\",\"url\":\"https:\\\/\\\/dvelas.com\\\/wp-content\\\/uploads\\\/2020\\\/06\\\/maison-objet-paris-dvelas.jpg\",\"contentUrl\":\"https:\\\/\\\/dvelas.com\\\/wp-content\\\/uploads\\\/2020\\\/06\\\/maison-objet-paris-dvelas.jpg\",\"width\":800,\"height\":800},{\"@type\":\"BreadcrumbList\",\"@id\":\"https:\\\/\\\/dvelas.com\\\/es\\\/maison-objet-paris-2019\\\/#breadcrumb\",\"itemListElement\":[{\"@type\":\"ListItem\",\"position\":1,\"name\":\"Home\",\"item\":\"https:\\\/\\\/dvelas.com\\\/es\\\/\"},{\"@type\":\"ListItem\",\"position\":2,\"name\":\"Maison &#038; Objet Paris 2019\"}]},{\"@type\":\"WebSite\",\"@id\":\"https:\\\/\\\/dvelas.com\\\/#website\",\"url\":\"https:\\\/\\\/dvelas.com\\\/\",\"name\":\"DVELAS\",\"description\":\"Muebles de exterior y velas de sombra para uso dom\u00e9stico y comercial. Dise\u00f1os para un mundo sostenible. Compromiso de econom\u00eda circular.\",\"publisher\":{\"@id\":\"https:\\\/\\\/dvelas.com\\\/#organization\"},\"potentialAction\":[{\"@type\":\"SearchAction\",\"target\":{\"@type\":\"EntryPoint\",\"urlTemplate\":\"https:\\\/\\\/dvelas.com\\\/?s={search_term_string}\"},\"query-input\":{\"@type\":\"PropertyValueSpecification\",\"valueRequired\":true,\"valueName\":\"search_term_string\"}}],\"inLanguage\":\"es\"},{\"@type\":\"Organization\",\"@id\":\"https:\\\/\\\/dvelas.com\\\/#organization\",\"name\":\"Dvelas Sustainable Design\",\"url\":\"https:\\\/\\\/dvelas.com\\\/\",\"logo\":{\"@type\":\"ImageObject\",\"inLanguage\":\"es\",\"@id\":\"https:\\\/\\\/dvelas.com\\\/#\\\/schema\\\/logo\\\/image\\\/\",\"url\":\"https:\\\/\\\/dvelas.com\\\/wp-content\\\/uploads\\\/2020\\\/05\\\/design-outdoor-furniture-310.png\",\"contentUrl\":\"https:\\\/\\\/dvelas.com\\\/wp-content\\\/uploads\\\/2020\\\/05\\\/design-outdoor-furniture-310.png\",\"width\":310,\"height\":130,\"caption\":\"Dvelas Sustainable Design\"},\"image\":{\"@id\":\"https:\\\/\\\/dvelas.com\\\/#\\\/schema\\\/logo\\\/image\\\/\"},\"sameAs\":[\"https:\\\/\\\/www.facebook.com\\\/dvelasdesign\\\/\",\"https:\\\/\\\/x.com\\\/dvelasdesign\",\"https:\\\/\\\/www.instagram.com\\\/dvelas\\\/\",\"https:\\\/\\\/www.linkedin.com\\\/company\\\/dvelas\\\/\",\"https:\\\/\\\/www.pinterest.com\\\/dvelasdesign\\\/\",\"https:\\\/\\\/www.youtube.com\\\/c\\\/DvelasDesign\\\/featured\"]},{\"@type\":\"Person\",\"@id\":\"https:\\\/\\\/dvelas.com\\\/#\\\/schema\\\/person\\\/205c33bc21c7547f34834a571c8eba95\",\"name\":\"Arraitz\",\"image\":{\"@type\":\"ImageObject\",\"inLanguage\":\"es\",\"@id\":\"https:\\\/\\\/secure.gravatar.com\\\/avatar\\\/d2ff9924277ef0d930a82b64ad01a85067ac5447a985562f0f82e06e5d660066?s=96&d=mm&r=g\",\"url\":\"https:\\\/\\\/secure.gravatar.com\\\/avatar\\\/d2ff9924277ef0d930a82b64ad01a85067ac5447a985562f0f82e06e5d660066?s=96&d=mm&r=g\",\"contentUrl\":\"https:\\\/\\\/secure.gravatar.com\\\/avatar\\\/d2ff9924277ef0d930a82b64ad01a85067ac5447a985562f0f82e06e5d660066?s=96&d=mm&r=g\",\"caption\":\"Arraitz\"},\"url\":\"https:\\\/\\\/dvelas.com\\\/es\\\/author\\\/arraitz\\\/\"}]}<\/script>\n<!-- \/ Yoast SEO plugin. -->","yoast_head_json":{"title":"Maison & Objet Paris 2019 - DVELAS","robots":{"index":"index","follow":"follow","max-snippet":"max-snippet:-1","max-image-preview":"max-image-preview:large","max-video-preview":"max-video-preview:-1"},"canonical":"https:\/\/dvelas.com\/es\/maison-objet-paris-2019\/","og_locale":"es_ES","og_type":"article","og_title":"Maison & Objet Paris 2019 - DVELAS","og_description":"DVELAS will attend the Maison &amp; Objet fair for the first time, in which it will present its collection and the novelties for the year 2019. We will be happy to assist you at : Hall\u00a06 \u2013 Today Stand number :\u00a0H112 \u2013 I111 Date:\u00a0January 18th \u2013 22th, 2019 Contact: dvelas@dvelas.com","og_url":"https:\/\/dvelas.com\/es\/maison-objet-paris-2019\/","og_site_name":"DVELAS","article_publisher":"https:\/\/www.facebook.com\/dvelasdesign\/","article_published_time":"2020-12-05T19:46:48+00:00","article_modified_time":"2020-12-05T20:07:29+00:00","og_image":[{"width":800,"height":800,"url":"https:\/\/dvelas.com\/wp-content\/uploads\/2020\/06\/maison-objet-paris-dvelas.jpg","type":"image\/jpeg"}],"author":"Arraitz","twitter_card":"summary_large_image","twitter_creator":"@dvelasdesign","twitter_site":"@dvelasdesign","twitter_misc":{"Escrito por":"Arraitz"},"schema":{"@context":"https:\/\/schema.org","@graph":[{"@type":"Article","@id":"https:\/\/dvelas.com\/es\/maison-objet-paris-2019\/#article","isPartOf":{"@id":"https:\/\/dvelas.com\/es\/maison-objet-paris-2019\/"},"author":{"name":"Arraitz","@id":"https:\/\/dvelas.com\/#\/schema\/person\/205c33bc21c7547f34834a571c8eba95"},"headline":"Maison &#038; Objet Paris 2019","datePublished":"2020-12-05T19:46:48+00:00","dateModified":"2020-12-05T20:07:29+00:00","mainEntityOfPage":{"@id":"https:\/\/dvelas.com\/es\/maison-objet-paris-2019\/"},"wordCount":50,"commentCount":0,"publisher":{"@id":"https:\/\/dvelas.com\/#organization"},"image":{"@id":"https:\/\/dvelas.com\/es\/maison-objet-paris-2019\/#primaryimage"},"thumbnailUrl":"https:\/\/dvelas.com\/wp-content\/uploads\/2020\/06\/maison-objet-paris-dvelas.jpg","articleSection":["Event"],"inLanguage":"es","potentialAction":[{"@type":"CommentAction","name":"Comment","target":["https:\/\/dvelas.com\/es\/maison-objet-paris-2019\/#respond"]}]},{"@type":"WebPage","@id":"https:\/\/dvelas.com\/es\/maison-objet-paris-2019\/","url":"https:\/\/dvelas.com\/es\/maison-objet-paris-2019\/","name":"Maison & Objet Paris 2019 - DVELAS","isPartOf":{"@id":"https:\/\/dvelas.com\/#website"},"primaryImageOfPage":{"@id":"https:\/\/dvelas.com\/es\/maison-objet-paris-2019\/#primaryimage"},"image":{"@id":"https:\/\/dvelas.com\/es\/maison-objet-paris-2019\/#primaryimage"},"thumbnailUrl":"https:\/\/dvelas.com\/wp-content\/uploads\/2020\/06\/maison-objet-paris-dvelas.jpg","datePublished":"2020-12-05T19:46:48+00:00","dateModified":"2020-12-05T20:07:29+00:00","breadcrumb":{"@id":"https:\/\/dvelas.com\/es\/maison-objet-paris-2019\/#breadcrumb"},"inLanguage":"es","potentialAction":[{"@type":"ReadAction","target":["https:\/\/dvelas.com\/es\/maison-objet-paris-2019\/"]}]},{"@type":"ImageObject","inLanguage":"es","@id":"https:\/\/dvelas.com\/es\/maison-objet-paris-2019\/#primaryimage","url":"https:\/\/dvelas.com\/wp-content\/uploads\/2020\/06\/maison-objet-paris-dvelas.jpg","contentUrl":"https:\/\/dvelas.com\/wp-content\/uploads\/2020\/06\/maison-objet-paris-dvelas.jpg","width":800,"height":800},{"@type":"BreadcrumbList","@id":"https:\/\/dvelas.com\/es\/maison-objet-paris-2019\/#breadcrumb","itemListElement":[{"@type":"ListItem","position":1,"name":"Home","item":"https:\/\/dvelas.com\/es\/"},{"@type":"ListItem","position":2,"name":"Maison &#038; Objet Paris 2019"}]},{"@type":"WebSite","@id":"https:\/\/dvelas.com\/#website","url":"https:\/\/dvelas.com\/","name":"DVELAS","description":"Muebles de exterior y velas de sombra para uso dom\u00e9stico y comercial. Dise\u00f1os para un mundo sostenible. Compromiso de econom\u00eda circular.","publisher":{"@id":"https:\/\/dvelas.com\/#organization"},"potentialAction":[{"@type":"SearchAction","target":{"@type":"EntryPoint","urlTemplate":"https:\/\/dvelas.com\/?s={search_term_string}"},"query-input":{"@type":"PropertyValueSpecification","valueRequired":true,"valueName":"search_term_string"}}],"inLanguage":"es"},{"@type":"Organization","@id":"https:\/\/dvelas.com\/#organization","name":"Dvelas Sustainable Design","url":"https:\/\/dvelas.com\/","logo":{"@type":"ImageObject","inLanguage":"es","@id":"https:\/\/dvelas.com\/#\/schema\/logo\/image\/","url":"https:\/\/dvelas.com\/wp-content\/uploads\/2020\/05\/design-outdoor-furniture-310.png","contentUrl":"https:\/\/dvelas.com\/wp-content\/uploads\/2020\/05\/design-outdoor-furniture-310.png","width":310,"height":130,"caption":"Dvelas Sustainable Design"},"image":{"@id":"https:\/\/dvelas.com\/#\/schema\/logo\/image\/"},"sameAs":["https:\/\/www.facebook.com\/dvelasdesign\/","https:\/\/x.com\/dvelasdesign","https:\/\/www.instagram.com\/dvelas\/","https:\/\/www.linkedin.com\/company\/dvelas\/","https:\/\/www.pinterest.com\/dvelasdesign\/","https:\/\/www.youtube.com\/c\/DvelasDesign\/featured"]},{"@type":"Person","@id":"https:\/\/dvelas.com\/#\/schema\/person\/205c33bc21c7547f34834a571c8eba95","name":"Arraitz","image":{"@type":"ImageObject","inLanguage":"es","@id":"https:\/\/secure.gravatar.com\/avatar\/d2ff9924277ef0d930a82b64ad01a85067ac5447a985562f0f82e06e5d660066?s=96&d=mm&r=g","url":"https:\/\/secure.gravatar.com\/avatar\/d2ff9924277ef0d930a82b64ad01a85067ac5447a985562f0f82e06e5d660066?s=96&d=mm&r=g","contentUrl":"https:\/\/secure.gravatar.com\/avatar\/d2ff9924277ef0d930a82b64ad01a85067ac5447a985562f0f82e06e5d660066?s=96&d=mm&r=g","caption":"Arraitz"},"url":"https:\/\/dvelas.com\/es\/author\/arraitz\/"}]}},"uagb_featured_image_src":{"full":["https:\/\/dvelas.com\/wp-content\/uploads\/2020\/06\/maison-objet-paris-dvelas.jpg",800,800,false],"thumbnail":["https:\/\/dvelas.com\/wp-content\/uploads\/2020\/06\/maison-objet-paris-dvelas.jpg",150,150,false],"medium":["https:\/\/dvelas.com\/wp-content\/uploads\/2020\/06\/maison-objet-paris-dvelas.jpg",300,300,false],"medium_large":["https:\/\/dvelas.com\/wp-content\/uploads\/2020\/06\/maison-objet-paris-dvelas.jpg",768,768,false],"large":["https:\/\/dvelas.com\/wp-content\/uploads\/2020\/06\/maison-objet-paris-dvelas.jpg",800,800,false],"1536x1536":["https:\/\/dvelas.com\/wp-content\/uploads\/2020\/06\/maison-objet-paris-dvelas.jpg",800,800,false],"2048x2048":["https:\/\/dvelas.com\/wp-content\/uploads\/2020\/06\/maison-objet-paris-dvelas.jpg",800,800,false],"blog-large":["https:\/\/dvelas.com\/wp-content\/uploads\/2020\/06\/maison-objet-paris-dvelas.jpg",272,272,false],"blog-medium":["https:\/\/dvelas.com\/wp-content\/uploads\/2020\/06\/maison-objet-paris-dvelas.jpg",202,202,false],"recent-posts":["https:\/\/dvelas.com\/wp-content\/uploads\/2020\/06\/maison-objet-paris-dvelas.jpg",441,441,false],"recent-works-thumbnail":["https:\/\/dvelas.com\/wp-content\/uploads\/2020\/06\/maison-objet-paris-dvelas.jpg",66,66,false],"fusion-200":["https:\/\/dvelas.com\/wp-content\/uploads\/2020\/06\/maison-objet-paris-dvelas.jpg",200,200,false],"fusion-400":["https:\/\/dvelas.com\/wp-content\/uploads\/2020\/06\/maison-objet-paris-dvelas.jpg",400,400,false],"fusion-600":["https:\/\/dvelas.com\/wp-content\/uploads\/2020\/06\/maison-objet-paris-dvelas.jpg",600,600,false],"fusion-800":["https:\/\/dvelas.com\/wp-content\/uploads\/2020\/06\/maison-objet-paris-dvelas.jpg",800,800,false],"fusion-1200":["https:\/\/dvelas.com\/wp-content\/uploads\/2020\/06\/maison-objet-paris-dvelas.jpg",800,800,false],"portfolio-full":["https:\/\/dvelas.com\/wp-content\/uploads\/2020\/06\/maison-objet-paris-dvelas.jpg",400,400,false],"portfolio-one":["https:\/\/dvelas.com\/wp-content\/uploads\/2020\/06\/maison-objet-paris-dvelas.jpg",272,272,false],"portfolio-two":["https:\/\/dvelas.com\/wp-content\/uploads\/2020\/06\/maison-objet-paris-dvelas.jpg",295,295,false],"portfolio-three":["https:\/\/dvelas.com\/wp-content\/uploads\/2020\/06\/maison-objet-paris-dvelas.jpg",214,214,false],"portfolio-five":["https:\/\/dvelas.com\/wp-content\/uploads\/2020\/06\/maison-objet-paris-dvelas.jpg",142,142,false]},"uagb_author_info":{"display_name":"Arraitz","author_link":"https:\/\/dvelas.com\/es\/author\/arraitz\/"},"uagb_comment_info":0,"uagb_excerpt":"DVELAS will attend the Maison &amp; Objet fair for the first time, in which it will present its collection and the novelties for the year 2019. We will be happy to assist you at : Hall\u00a06 \u2013 Today Stand number :\u00a0H112 \u2013 I111 Date:\u00a0January 18th \u2013 22th, 2019 Contact: dvelas@dvelas.com","_links":{"self":[{"href":"https:\/\/dvelas.com\/es\/wp-json\/wp\/v2\/posts\/7252","targetHints":{"allow":["GET"]}}],"collection":[{"href":"https:\/\/dvelas.com\/es\/wp-json\/wp\/v2\/posts"}],"about":[{"href":"https:\/\/dvelas.com\/es\/wp-json\/wp\/v2\/types\/post"}],"author":[{"embeddable":true,"href":"https:\/\/dvelas.com\/es\/wp-json\/wp\/v2\/users\/2"}],"replies":[{"embeddable":true,"href":"https:\/\/dvelas.com\/es\/wp-json\/wp\/v2\/comments?post=7252"}],"version-history":[{"count":1,"href":"https:\/\/dvelas.com\/es\/wp-json\/wp\/v2\/posts\/7252\/revisions"}],"predecessor-version":[{"id":7272,"href":"https:\/\/dvelas.com\/es\/wp-json\/wp\/v2\/posts\/7252\/revisions\/7272"}],"wp:featuredmedia":[{"embeddable":true,"href":"https:\/\/dvelas.com\/es\/wp-json\/wp\/v2\/media\/6330"}],"wp:attachment":[{"href":"https:\/\/dvelas.com\/es\/wp-json\/wp\/v2\/media?parent=7252"}],"wp:term":[{"taxonomy":"category","embeddable":true,"href":"https:\/\/dvelas.com\/es\/wp-json\/wp\/v2\/categories?post=7252"},{"taxonomy":"post_tag","embeddable":true,"href":"https:\/\/dvelas.com\/es\/wp-json\/wp\/v2\/tags?post=7252"}],"curies":[{"name":"wp","href":"https:\/\/api.w.org\/{rel}","templated":true}]}}